{"id":2295,"date":"2024-02-05T10:27:25","date_gmt":"2024-02-05T13:27:25","guid":{"rendered":"https:\/\/www.campariacademy.com\/es-ar\/?p=2295"},"modified":"2024-02-05T10:27:29","modified_gmt":"2024-02-05T13:27:29","slug":"cultura-historia-y-personas-la-clave-para-entender-mejor-las-bebidas-con-la-dra-anna-sulan-masing","status":"publish","type":"post","link":"https:\/\/www.campariacademy.com\/es-ar\/inspiracion\/cultura-historia-y-personas-la-clave-para-entender-mejor-las-bebidas-con-la-dra-anna-sulan-masing\/","title":{"rendered":"Cultura, historia y personas: La clave para entender mejor las bebidas, con la Dra. Anna Sulan Masing"},"content":{"rendered":"\n<p><em>Buscando articular su identidad ind\u00edgena Iban, la escritora, poeta y acad\u00e9mica Dra. Anna Sulan Masing descubri\u00f3 la importancia de comprender los sistemas de valores detr\u00e1s de nuestra comida y bebida.<\/em>&nbsp;<\/p>\n\n\n\n<p>Los recuerdos de la infancia siempre se ven a trav\u00e9s de una lente blanda; las l\u00edneas temporales est\u00e1n desincronizadas, todo es m\u00e1s grande y posiblemente m\u00e1s brillante. En la edad adulta, los sabores se graban en nuestra mente y los olores nos arrastran de vuelta a nuestra juventud.&nbsp;&nbsp;<\/p>\n\n\n\n<p>Para m\u00ed, que tengo m\u00faltiples lugares, espacios y culturas a los que llamo hogar; que tengo recuerdos que consisten en el calor tropical en la piel y la sal del sudor en el labio, as\u00ed como latigazos de fr\u00edo de los ventosos inviernos neozelandeses, la idea de la infancia no es est\u00e1tica ni estable.&nbsp;&nbsp;<\/p>\n\n\n\n<p>Mi identidad ind\u00edgena, siendo Iban \u2013 una comunidad de Sarawak, un estado de Malasia en la isla de Borneo \u2013 siempre fue algo basado en los sentimientos y la memoria. Era tangible, pero tambi\u00e9n dif\u00edcil de explicar. Era algo que me serv\u00eda de base, pero no encontraba la manera de articularlo en el mundo occidental en el que viv\u00eda, y mi trabajo ha consistido en buscar la manera de dar palabras a estos recuerdos.&nbsp;&nbsp;<\/p>\n\n\n\n<h2 class=\"wp-block-heading\"><strong>En el ojo colonial&nbsp;&nbsp;<\/strong><\/h2>\n\n\n\n<p>El Sudeste Asi\u00e1tico fue una joya en el ojo colonial europeo. Las islas de Banda, en el archipi\u00e9lago indonesio, conocidas por Europa como las &#8220;islas de las especias&#8221;, fueron muy codiciadas, disputadas y explotadas por diversas potencias europeas; si se pudiera pintar la historia, los mares que rodean estas islas estar\u00edan pintados con sangre.&nbsp;&nbsp;<\/p>\n\n\n\n<p>Los holandeses y los brit\u00e1nicos se repartieron los mares y las tierras de Malaya, Singapur e Indonesia, controlando las mercanc\u00edas: especias, caucho, caf\u00e9. Espa\u00f1a reclamaba las Filipinas y Francia, m\u00e1s al norte. Sarawak fue algo inusual: estuvo gobernada, o fue propiedad, de una familia brit\u00e1nica desde 1841 hasta 1946.&nbsp;&nbsp;&nbsp;<\/p>\n\n\n\n<blockquote class=\"wp-block-quote is-layout-flow wp-block-quote-is-layout-flow\">\n<p><em>Mi identidad ind\u00edgena, siendo Iban&#8230; siempre fue algo basado en los sentimientos y la memoria. Era tangible, pero tambi\u00e9n dif\u00edcil de explicar.<\/em><\/p>\n<\/blockquote>\n\n\n\n<p>Pero antes de esta era colonial, el sudeste asi\u00e1tico formaba parte de un din\u00e1mico sistema comercial a trav\u00e9s del oc\u00e9ano \u00cdndico y m\u00e1s al este. La pimienta de la India llegaba a China a trav\u00e9s de Sumatra; pueblos ind\u00edgenas como los iban se acercaban a la costa para comerciar con sus productos recolectados en la selva, que llegaban mucho m\u00e1s lejos; y la nuez moscada se dirig\u00eda al oeste para acabar cayendo en manos de los europeos. Los imperios occidentales intentaron dominar, monopolizar y controlar este comercio, adue\u00f1arse del sistema, de la gente y de las tierras, provocando brutalidades insondables.&nbsp;&nbsp;<\/p>\n\n\n\n<h2 class=\"wp-block-heading\"><em>La historia sigue con nosotros <\/em>&nbsp;<\/h2>\n\n\n\n<p>Estos sistemas siguen vigentes hoy en d\u00eda. Lo vemos en la desigualdad dentro del sistema comercial, en el que los agricultores del sur global cobran tan poco. Son vulnerables a un mercado mundial de materias primas que no tiene en cuenta el coste de la agricultura, y tienen que depender de m\u00faltiples intermediarios para hacer llegar sus productos al resto del mundo, cada uno de los cuales necesita su parte de las ganancias.&nbsp;&nbsp;<\/p>\n\n\n\n<blockquote class=\"wp-block-quote is-layout-flow wp-block-quote-is-layout-flow\">\n<p><em>Hab\u00eda una idea cambiante de origen y un fuerte sentido de s\u00ed mismo, y una identidad comunitaria a la que quer\u00eda volver a ser parte.&nbsp;&nbsp;<\/em><\/p>\n<\/blockquote>\n\n\n\n<p>Tambi\u00e9n lo vemos en la forma en que nosotros, el norte global, despreciamos el trabajo: \u00bfsabes qui\u00e9n cultiva la pimienta negra que est\u00e1 en tu mesa? Vemos estos sistemas cuando miramos qui\u00e9n tiene ahora el poder, la riqueza y una participaci\u00f3n en c\u00f3mo ser\u00e1 el futuro.&nbsp;<\/p>\n\n\n\n<p>Pero toda esta informaci\u00f3n la aprend\u00ed en mi b\u00fasqueda por entender el hogar. Quer\u00eda sumergirme nuevamente en las historias de mi infancia, las que mi abuela Iban me contaba. Hab\u00eda una idea cambiante de origen y un fuerte sentido de s\u00ed mismo, y una identidad comunitaria de la que quer\u00eda volver a ser parte.\u00a0<\/p>\n\n\n\n<h2 class=\"wp-block-heading\">Identidad, espacio y cambio\u00a0<\/h2>\n\n\n\n<figure class=\"wp-block-image size-full is-resized\"><img loading=\"lazy\" decoding=\"async\" width=\"1024\" height=\"768\" sizes=\"auto, (max-width: 480px) 100vw, (max-width: 768px) 100vw, (max-width: 1024px) 90vw, (max-width: 1440px) 80vw, 700px\" src=\"https:\/\/www.campariacademy.com\/es-ar\/wp-content\/uploads\/sites\/11\/2024\/02\/AnaSulan2.jpg\" alt=\"\" class=\"wp-image-2297\" style=\"width:810px;height:auto\" srcset=\"https:\/\/www.campariacademy.com\/es-ar\/wp-content\/uploads\/sites\/11\/2024\/02\/AnaSulan2.jpg 1024w, https:\/\/www.campariacademy.com\/es-ar\/wp-content\/uploads\/sites\/11\/2024\/02\/AnaSulan2-300x225.jpg 300w, https:\/\/www.campariacademy.com\/es-ar\/wp-content\/uploads\/sites\/11\/2024\/02\/AnaSulan2-768x576.jpg 768w, https:\/\/www.campariacademy.com\/es-ar\/wp-content\/uploads\/sites\/11\/2024\/02\/AnaSulan2-500x375.jpg 500w, https:\/\/www.campariacademy.com\/es-ar\/wp-content\/uploads\/sites\/11\/2024\/02\/AnaSulan2-720x540.jpg 720w\" \/><\/figure>\n\n\n\n<p>En mi doctorado me pregunt\u00e9 c\u00f3mo cambia la identidad cuando cambian el espacio y la ubicaci\u00f3n, y estudi\u00e9 las pr\u00e1cticas interpretativas y narrativas de las mujeres ibanas. Lo que descubr\u00ed fue una profunda conexi\u00f3n con el ciclo agr\u00edcola, en el que el arroz era el elemento crucial de la vida.&nbsp;&nbsp;&nbsp;&nbsp;<\/p>\n\n\n\n<p>Mi padre escribi\u00f3 en un art\u00edculo sobre el cultivo del arroz: &#8220;Existe un sistema de valores basado en la cultura [del arroz] padi. Este sistema de valores no se mantiene porque el padi sea un cultivo alimentario esencial. Pero, la mayor\u00eda de las veces, se mantiene bas\u00e1ndose en la creencia de que el padi tiene un esp\u00edritu que debe ser pacificado mediante el cultivo&#8221;. (Padi es una palabra malaya y de donde procede &#8220;paddy&#8221;).&nbsp;&nbsp;&nbsp;<\/p>\n\n\n\n<blockquote class=\"wp-block-quote is-layout-flow wp-block-quote-is-layout-flow\">\n<p><em>La comida y la bebida son herramientas para contar historias, y el arroz es fundamental para la idea de hogar, y su cultivo el hilo conductor de las historias de los Iban.<\/em><\/p>\n<\/blockquote>\n\n\n\n<p>La agricultura de los Iban utiliza tradicionalmente el sistema swidden, en el que desbrozan la tierra para plantar y luego la dejan descansar durante una temporada o m\u00e1s (un sistema que las potencias coloniales intentaron erradicar). Esto significaba que se desplazaban por el espacio para encontrar nuevas tierras que cultivar.&nbsp;&nbsp;&nbsp;<\/p>\n\n\n\n<p>No quiero idealizar a los Iban, esto provocaba guerras cuando se cruzaban con otras tribus. Pero lo que s\u00ed hizo fue crear un sentimiento de hogar a trav\u00e9s del movimiento, la pertenencia era algo que pod\u00eda ocupar m\u00faltiples espacios. La comida y la bebida son herramientas para contar historias, y el arroz es fundamental para la idea de hogar, y la agricultura es el hilo conductor de las historias de los Iban. Cuando los Iban emigran, se llevan consigo sus historias y el arroz.<\/p>\n\n\n\n<h2 class=\"wp-block-heading\"><em>Las historias que contamos&nbsp;&nbsp;<\/em><\/h2>\n\n\n\n<p>La fiesta de la cosecha, <a href=\"https:\/\/sarawaktourism.com\/blog\/gawai-dayak-festival\">Gawai<\/a>, es la principal celebraci\u00f3n del a\u00f1o. Los mitos e historias de Gawai invitan a los dioses a venir y unirse a los festines, donde se les env\u00eda arroz y tuak. Durante el Gawai se dejan en ofrenda tres tipos diferentes de arroz, huevos y tuak.&nbsp;&nbsp;<\/p>\n\n\n\n<p>El tuak es una bebida alcoh\u00f3lica de arroz con una graduaci\u00f3n similar a la del vino. Forma parte de las celebraciones, la cosecha y la esencia misma de ser ibano. Las familias tienen sus propias recetas y cada uno tiene su fabricante favorito. El tuak es tan obvio en su relaci\u00f3n con la agricultura que a\u00fan se puede oler y saborear el arroz, ese aroma a grano fermentado es evidente. Ya no es arroz, pero es de arroz. La agricultura es lo que conforma la sociedad ibana, lo que construye la identidad, lo que f\u00edsicamente une a todos como comunidad.&nbsp;<\/p>\n\n\n\n<blockquote class=\"wp-block-quote is-layout-flow wp-block-quote-is-layout-flow\">\n<p><em>Comprender c\u00f3mo la cultura, la historia y la gente son partes igualmente importantes de una historia, me permite buscar un entendimiento m\u00e1s profundo de las bebidas.<\/em><\/p>\n<\/blockquote>\n\n\n\n<p>Esta investigaci\u00f3n tan personal y esta peque\u00f1a comunidad tan espec\u00edfica de la isla de Borneo me hicieron ver conexiones m\u00e1s amplias. Los Iban emigran a las ciudades para abandonar la agricultura. La agricultura sigue existiendo, pero forma parte de un sistema agr\u00edcola m\u00e1s amplio, como la pimienta, que se cultiva como producto comercial en lo profundo de la selva y se exporta a todas partes.&nbsp;&nbsp;&nbsp;<\/p>\n\n\n\n<p>La pimienta se introdujo a finales del siglo XIX, siendo los inmigrantes chinos los primeros en cultivarla, antes de que las comunidades ind\u00edgenas lo hicieran como cultivo comercial. Al adentrarnos en la historia de los Iban, era imposible no ver la historia colonial del sudeste asi\u00e1tico: era el contexto de c\u00f3mo cambi\u00f3 la agricultura, por qu\u00e9 cobraron importancia los cultivos comerciales.\u00a0<\/p>\n\n\n\n<figure class=\"wp-block-gallery has-nested-images columns-default is-cropped wp-block-gallery-1 is-layout-flex wp-block-gallery-is-layout-flex\">\n<figure class=\"wp-block-image size-large\"><img loading=\"lazy\" decoding=\"async\" width=\"600\" height=\"800\" data-id=\"2299\" sizes=\"auto, (max-width: 480px) 100vw, (max-width: 768px) 100vw, (max-width: 1024px) 90vw, (max-width: 1440px) 80vw, 700px\" src=\"https:\/\/www.campariacademy.com\/es-ar\/wp-content\/uploads\/sites\/11\/2024\/02\/foto1.jpg\" alt=\"\" class=\"wp-image-2299\" srcset=\"https:\/\/www.campariacademy.com\/es-ar\/wp-content\/uploads\/sites\/11\/2024\/02\/foto1.jpg 600w, https:\/\/www.campariacademy.com\/es-ar\/wp-content\/uploads\/sites\/11\/2024\/02\/foto1-225x300.jpg 225w, https:\/\/www.campariacademy.com\/es-ar\/wp-content\/uploads\/sites\/11\/2024\/02\/foto1-375x500.jpg 375w\" \/><\/figure>\n\n\n\n<figure class=\"wp-block-image size-large\"><img loading=\"lazy\" decoding=\"async\" width=\"600\" height=\"800\" data-id=\"2298\" sizes=\"auto, (max-width: 480px) 100vw, (max-width: 768px) 100vw, (max-width: 1024px) 90vw, (max-width: 1440px) 80vw, 700px\" src=\"https:\/\/www.campariacademy.com\/es-ar\/wp-content\/uploads\/sites\/11\/2024\/02\/foto2.jpg\" alt=\"\" class=\"wp-image-2298\" srcset=\"https:\/\/www.campariacademy.com\/es-ar\/wp-content\/uploads\/sites\/11\/2024\/02\/foto2.jpg 600w, https:\/\/www.campariacademy.com\/es-ar\/wp-content\/uploads\/sites\/11\/2024\/02\/foto2-225x300.jpg 225w, https:\/\/www.campariacademy.com\/es-ar\/wp-content\/uploads\/sites\/11\/2024\/02\/foto2-375x500.jpg 375w\" \/><\/figure>\n<\/figure>\n\n\n\n<h2 class=\"wp-block-heading\">Un entendimiento m\u00e1s profundo&nbsp;&nbsp;<\/h2>\n\n\n\n<p>El alcohol, al igual que las especias, puede viajar f\u00e1cilmente y lejos. Tambi\u00e9n es como las especias en el sentido de que podemos olvidar qui\u00e9n lo cultiv\u00f3, lo cosech\u00f3, lo proces\u00f3. Con las especias, la distancia puede permitirnos olvidar los sistemas de los que forma parte, las personas que cuidaron de sus formas tempranas: bayas, cortezas, semillas. Y el alcohol, antes de convertirse en l\u00edquido, tambi\u00e9n se cuida en cada paso del camino. El tuak tiene una conexi\u00f3n inmediata con las personas, el lugar y la planta, pero \u00bfc\u00f3mo pensamos en otras bebidas?&nbsp;&nbsp;<\/p>\n\n\n\n<p>La especia es lo que llev\u00f3 a Europa al sudeste asi\u00e1tico, el colonialismo es lo que me hizo posible como mujer de raza mixta; el arroz es lo que me conecta con mi sentido de hogar y pertenencia; y comprender c\u00f3mo la cultura, la historia y las personas son partes igualmente importantes de una historia me permite buscar un entendimiento m\u00e1s profundo de las bebidas.<\/p>\n\n\n\n<p>Escribo sobre estas historias para buscar un futuro m\u00e1s equitativo para el planeta, m\u00e1s sostenible. No quiero ver mi infancia como un recuerdo nost\u00e1lgico, sino como parte de esos espacios de trabajo donde la gente cultiva productos maravillosos que hay que honrar y respetar.<\/p>\n","protected":false},"excerpt":{"rendered":"<p>Buscando articular su identidad ind\u00edgena Iban, la escritora, poeta y acad\u00e9mica Dra. Anna Sulan Masing descubri\u00f3 la importancia de comprender los sistemas de valores detr\u00e1s de nuestra comida y bebida.&nbsp; Los recuerdos de la infancia siempre se ven a trav\u00e9s de una lente blanda; las l\u00edneas temporales est\u00e1n desincronizadas, todo es m\u00e1s grande y posiblemente [&hellip;]<\/p>\n","protected":false},"author":78,"featured_media":2296,"comment_status":"closed","ping_status":"closed","sticky":false,"template":"","format":"standard","meta":{"_acf_changed":false,"footnotes":""},"categories":[22],"tags":[],"theme":[],"class_list":["post-2295","post","type-post","status-publish","format-standard","has-post-thumbnail","hentry","category-inspiracion"],"acf":[],"yoast_head":"<!-- This site is optimized with the Yoast SEO plugin v26.9 - https:\/\/yoast.com\/product\/yoast-seo-wordpress\/ -->\n<title>Cultura, historia y personas: La clave para entender mejor las bebidas, con la Dra. Anna Sulan Masing - Campari Academy<\/title>\n<meta name=\"robots\" content=\"index, follow, max-snippet:-1, max-image-preview:large, max-video-preview:-1\" \/>\n<link rel=\"canonical\" href=\"https:\/\/www.campariacademy.com\/es-ar\/inspiracion\/cultura-historia-y-personas-la-clave-para-entender-mejor-las-bebidas-con-la-dra-anna-sulan-masing\/\" \/>\n<meta property=\"og:locale\" content=\"es_ES\" \/>\n<meta property=\"og:type\" content=\"article\" \/>\n<meta property=\"og:title\" content=\"Cultura, historia y personas: La clave para entender mejor las bebidas, con la Dra. Anna Sulan Masing - Campari Academy\" \/>\n<meta property=\"og:description\" content=\"Buscando articular su identidad ind\u00edgena Iban, la escritora, poeta y acad\u00e9mica Dra. Anna Sulan Masing descubri\u00f3 la importancia de comprender los sistemas de valores detr\u00e1s de nuestra comida y bebida.&nbsp; Los recuerdos de la infancia siempre se ven a trav\u00e9s de una lente blanda; las l\u00edneas temporales est\u00e1n desincronizadas, todo es m\u00e1s grande y posiblemente [&hellip;]\" \/>\n<meta property=\"og:url\" content=\"https:\/\/www.campariacademy.com\/es-ar\/inspiracion\/cultura-historia-y-personas-la-clave-para-entender-mejor-las-bebidas-con-la-dra-anna-sulan-masing\/\" \/>\n<meta property=\"og:site_name\" content=\"Campari Academy\" \/>\n<meta property=\"article:published_time\" content=\"2024-02-05T13:27:25+00:00\" \/>\n<meta property=\"article:modified_time\" content=\"2024-02-05T13:27:29+00:00\" \/>\n<meta property=\"og:image\" content=\"https:\/\/www.campariacademy.com\/es-ar\/wp-content\/uploads\/sites\/11\/2024\/02\/AnaSulan.jpg\" \/>\n\t<meta property=\"og:image:width\" content=\"800\" \/>\n\t<meta property=\"og:image:height\" content=\"667\" \/>\n\t<meta property=\"og:image:type\" content=\"image\/jpeg\" \/>\n<meta name=\"author\" content=\"Charly Artale\" \/>\n<meta name=\"twitter:card\" content=\"summary_large_image\" \/>\n<meta name=\"twitter:label1\" content=\"Escrito por\" \/>\n\t<meta name=\"twitter:data1\" content=\"Charly Artale\" \/>\n\t<meta name=\"twitter:label2\" content=\"Tiempo de lectura\" \/>\n\t<meta name=\"twitter:data2\" content=\"8 minutos\" \/>\n<script type=\"application\/ld+json\" class=\"yoast-schema-graph\">{\"@context\":\"https:\/\/schema.org\",\"@graph\":[{\"@type\":\"Article\",\"@id\":\"https:\/\/www.campariacademy.com\/es-ar\/inspiracion\/cultura-historia-y-personas-la-clave-para-entender-mejor-las-bebidas-con-la-dra-anna-sulan-masing\/#article\",\"isPartOf\":{\"@id\":\"https:\/\/www.campariacademy.com\/es-ar\/inspiracion\/cultura-historia-y-personas-la-clave-para-entender-mejor-las-bebidas-con-la-dra-anna-sulan-masing\/\"},\"author\":{\"name\":\"Charly Artale\",\"@id\":\"https:\/\/www.campariacademy.com\/es-ar\/#\/schema\/person\/d02644cea74d8d69502a2be75b3a16b4\"},\"headline\":\"Cultura, historia y personas: La clave para entender mejor las bebidas, con la Dra. Anna Sulan Masing\",\"datePublished\":\"2024-02-05T13:27:25+00:00\",\"dateModified\":\"2024-02-05T13:27:29+00:00\",\"mainEntityOfPage\":{\"@id\":\"https:\/\/www.campariacademy.com\/es-ar\/inspiracion\/cultura-historia-y-personas-la-clave-para-entender-mejor-las-bebidas-con-la-dra-anna-sulan-masing\/\"},\"wordCount\":1599,\"publisher\":{\"@id\":\"https:\/\/www.campariacademy.com\/es-ar\/#organization\"},\"image\":{\"@id\":\"https:\/\/www.campariacademy.com\/es-ar\/inspiracion\/cultura-historia-y-personas-la-clave-para-entender-mejor-las-bebidas-con-la-dra-anna-sulan-masing\/#primaryimage\"},\"thumbnailUrl\":\"https:\/\/www.campariacademy.com\/es-ar\/wp-content\/uploads\/sites\/11\/2024\/02\/AnaSulan.jpg\",\"articleSection\":[\"Inspiraci\u00f3n\"],\"inLanguage\":\"es-AR\"},{\"@type\":\"WebPage\",\"@id\":\"https:\/\/www.campariacademy.com\/es-ar\/inspiracion\/cultura-historia-y-personas-la-clave-para-entender-mejor-las-bebidas-con-la-dra-anna-sulan-masing\/\",\"url\":\"https:\/\/www.campariacademy.com\/es-ar\/inspiracion\/cultura-historia-y-personas-la-clave-para-entender-mejor-las-bebidas-con-la-dra-anna-sulan-masing\/\",\"name\":\"Cultura, historia y personas: La clave para entender mejor las bebidas, con la Dra. Anna Sulan Masing - Campari Academy\",\"isPartOf\":{\"@id\":\"https:\/\/www.campariacademy.com\/es-ar\/#website\"},\"primaryImageOfPage\":{\"@id\":\"https:\/\/www.campariacademy.com\/es-ar\/inspiracion\/cultura-historia-y-personas-la-clave-para-entender-mejor-las-bebidas-con-la-dra-anna-sulan-masing\/#primaryimage\"},\"image\":{\"@id\":\"https:\/\/www.campariacademy.com\/es-ar\/inspiracion\/cultura-historia-y-personas-la-clave-para-entender-mejor-las-bebidas-con-la-dra-anna-sulan-masing\/#primaryimage\"},\"thumbnailUrl\":\"https:\/\/www.campariacademy.com\/es-ar\/wp-content\/uploads\/sites\/11\/2024\/02\/AnaSulan.jpg\",\"datePublished\":\"2024-02-05T13:27:25+00:00\",\"dateModified\":\"2024-02-05T13:27:29+00:00\",\"breadcrumb\":{\"@id\":\"https:\/\/www.campariacademy.com\/es-ar\/inspiracion\/cultura-historia-y-personas-la-clave-para-entender-mejor-las-bebidas-con-la-dra-anna-sulan-masing\/#breadcrumb\"},\"inLanguage\":\"es-AR\",\"potentialAction\":[{\"@type\":\"ReadAction\",\"target\":[\"https:\/\/www.campariacademy.com\/es-ar\/inspiracion\/cultura-historia-y-personas-la-clave-para-entender-mejor-las-bebidas-con-la-dra-anna-sulan-masing\/\"]}]},{\"@type\":\"ImageObject\",\"inLanguage\":\"es-AR\",\"@id\":\"https:\/\/www.campariacademy.com\/es-ar\/inspiracion\/cultura-historia-y-personas-la-clave-para-entender-mejor-las-bebidas-con-la-dra-anna-sulan-masing\/#primaryimage\",\"url\":\"https:\/\/www.campariacademy.com\/es-ar\/wp-content\/uploads\/sites\/11\/2024\/02\/AnaSulan.jpg\",\"contentUrl\":\"https:\/\/www.campariacademy.com\/es-ar\/wp-content\/uploads\/sites\/11\/2024\/02\/AnaSulan.jpg\",\"width\":800,\"height\":667},{\"@type\":\"BreadcrumbList\",\"@id\":\"https:\/\/www.campariacademy.com\/es-ar\/inspiracion\/cultura-historia-y-personas-la-clave-para-entender-mejor-las-bebidas-con-la-dra-anna-sulan-masing\/#breadcrumb\",\"itemListElement\":[{\"@type\":\"ListItem\",\"position\":1,\"name\":\"Inspiraci\u00f3n\",\"item\":\"https:\/\/www.campariacademy.com\/es-ar\/inspiracion\/\"},{\"@type\":\"ListItem\",\"position\":2,\"name\":\"Cultura, historia y personas: La clave para entender mejor las bebidas, con la Dra. Anna Sulan Masing\"}]},{\"@type\":\"WebSite\",\"@id\":\"https:\/\/www.campariacademy.com\/es-ar\/#website\",\"url\":\"https:\/\/www.campariacademy.com\/es-ar\/\",\"name\":\"Campari Academy\",\"description\":\"\",\"publisher\":{\"@id\":\"https:\/\/www.campariacademy.com\/es-ar\/#organization\"},\"potentialAction\":[{\"@type\":\"SearchAction\",\"target\":{\"@type\":\"EntryPoint\",\"urlTemplate\":\"https:\/\/www.campariacademy.com\/es-ar\/?s={search_term_string}\"},\"query-input\":{\"@type\":\"PropertyValueSpecification\",\"valueRequired\":true,\"valueName\":\"search_term_string\"}}],\"inLanguage\":\"es-AR\"},{\"@type\":\"Organization\",\"@id\":\"https:\/\/www.campariacademy.com\/es-ar\/#organization\",\"name\":\"Campari Academy\",\"url\":\"https:\/\/www.campariacademy.com\/es-ar\/\",\"logo\":{\"@type\":\"ImageObject\",\"inLanguage\":\"es-AR\",\"@id\":\"https:\/\/www.campariacademy.com\/es-ar\/#\/schema\/logo\/image\/\",\"url\":\"https:\/\/www.campariacademy.com\/es-ar\/wp-content\/uploads\/sites\/11\/2022\/07\/campariacademy-logo.jpeg\",\"contentUrl\":\"https:\/\/www.campariacademy.com\/es-ar\/wp-content\/uploads\/sites\/11\/2022\/07\/campariacademy-logo.jpeg\",\"width\":500,\"height\":185,\"caption\":\"Campari Academy\"},\"image\":{\"@id\":\"https:\/\/www.campariacademy.com\/es-ar\/#\/schema\/logo\/image\/\"}},{\"@type\":\"Person\",\"@id\":\"https:\/\/www.campariacademy.com\/es-ar\/#\/schema\/person\/d02644cea74d8d69502a2be75b3a16b4\",\"name\":\"Charly Artale\",\"image\":{\"@type\":\"ImageObject\",\"inLanguage\":\"es-AR\",\"@id\":\"https:\/\/www.campariacademy.com\/es-ar\/#\/schema\/person\/image\/\",\"url\":\"https:\/\/secure.gravatar.com\/avatar\/debe2fe0cb863e788ebd4e708bbe9d3ae07d196db23e4ba24e8a452481d88ebc?s=96&d=mm&r=g\",\"contentUrl\":\"https:\/\/secure.gravatar.com\/avatar\/debe2fe0cb863e788ebd4e708bbe9d3ae07d196db23e4ba24e8a452481d88ebc?s=96&d=mm&r=g\",\"caption\":\"Charly Artale\"}}]}<\/script>\n<!-- \/ Yoast SEO plugin. -->","yoast_head_json":{"title":"Cultura, historia y personas: La clave para entender mejor las bebidas, con la Dra. Anna Sulan Masing - Campari Academy","robots":{"index":"index","follow":"follow","max-snippet":"max-snippet:-1","max-image-preview":"max-image-preview:large","max-video-preview":"max-video-preview:-1"},"canonical":"https:\/\/www.campariacademy.com\/es-ar\/inspiracion\/cultura-historia-y-personas-la-clave-para-entender-mejor-las-bebidas-con-la-dra-anna-sulan-masing\/","og_locale":"es_ES","og_type":"article","og_title":"Cultura, historia y personas: La clave para entender mejor las bebidas, con la Dra. Anna Sulan Masing - Campari Academy","og_description":"Buscando articular su identidad ind\u00edgena Iban, la escritora, poeta y acad\u00e9mica Dra. Anna Sulan Masing descubri\u00f3 la importancia de comprender los sistemas de valores detr\u00e1s de nuestra comida y bebida.&nbsp; Los recuerdos de la infancia siempre se ven a trav\u00e9s de una lente blanda; las l\u00edneas temporales est\u00e1n desincronizadas, todo es m\u00e1s grande y posiblemente [&hellip;]","og_url":"https:\/\/www.campariacademy.com\/es-ar\/inspiracion\/cultura-historia-y-personas-la-clave-para-entender-mejor-las-bebidas-con-la-dra-anna-sulan-masing\/","og_site_name":"Campari Academy","article_published_time":"2024-02-05T13:27:25+00:00","article_modified_time":"2024-02-05T13:27:29+00:00","og_image":[{"width":800,"height":667,"url":"https:\/\/www.campariacademy.com\/es-ar\/wp-content\/uploads\/sites\/11\/2024\/02\/AnaSulan.jpg","type":"image\/jpeg"}],"author":"Charly Artale","twitter_card":"summary_large_image","twitter_misc":{"Escrito por":"Charly Artale","Tiempo de lectura":"8 minutos"},"schema":{"@context":"https:\/\/schema.org","@graph":[{"@type":"Article","@id":"https:\/\/www.campariacademy.com\/es-ar\/inspiracion\/cultura-historia-y-personas-la-clave-para-entender-mejor-las-bebidas-con-la-dra-anna-sulan-masing\/#article","isPartOf":{"@id":"https:\/\/www.campariacademy.com\/es-ar\/inspiracion\/cultura-historia-y-personas-la-clave-para-entender-mejor-las-bebidas-con-la-dra-anna-sulan-masing\/"},"author":{"name":"Charly Artale","@id":"https:\/\/www.campariacademy.com\/es-ar\/#\/schema\/person\/d02644cea74d8d69502a2be75b3a16b4"},"headline":"Cultura, historia y personas: La clave para entender mejor las bebidas, con la Dra. Anna Sulan Masing","datePublished":"2024-02-05T13:27:25+00:00","dateModified":"2024-02-05T13:27:29+00:00","mainEntityOfPage":{"@id":"https:\/\/www.campariacademy.com\/es-ar\/inspiracion\/cultura-historia-y-personas-la-clave-para-entender-mejor-las-bebidas-con-la-dra-anna-sulan-masing\/"},"wordCount":1599,"publisher":{"@id":"https:\/\/www.campariacademy.com\/es-ar\/#organization"},"image":{"@id":"https:\/\/www.campariacademy.com\/es-ar\/inspiracion\/cultura-historia-y-personas-la-clave-para-entender-mejor-las-bebidas-con-la-dra-anna-sulan-masing\/#primaryimage"},"thumbnailUrl":"https:\/\/www.campariacademy.com\/es-ar\/wp-content\/uploads\/sites\/11\/2024\/02\/AnaSulan.jpg","articleSection":["Inspiraci\u00f3n"],"inLanguage":"es-AR"},{"@type":"WebPage","@id":"https:\/\/www.campariacademy.com\/es-ar\/inspiracion\/cultura-historia-y-personas-la-clave-para-entender-mejor-las-bebidas-con-la-dra-anna-sulan-masing\/","url":"https:\/\/www.campariacademy.com\/es-ar\/inspiracion\/cultura-historia-y-personas-la-clave-para-entender-mejor-las-bebidas-con-la-dra-anna-sulan-masing\/","name":"Cultura, historia y personas: La clave para entender mejor las bebidas, con la Dra. Anna Sulan Masing - Campari Academy","isPartOf":{"@id":"https:\/\/www.campariacademy.com\/es-ar\/#website"},"primaryImageOfPage":{"@id":"https:\/\/www.campariacademy.com\/es-ar\/inspiracion\/cultura-historia-y-personas-la-clave-para-entender-mejor-las-bebidas-con-la-dra-anna-sulan-masing\/#primaryimage"},"image":{"@id":"https:\/\/www.campariacademy.com\/es-ar\/inspiracion\/cultura-historia-y-personas-la-clave-para-entender-mejor-las-bebidas-con-la-dra-anna-sulan-masing\/#primaryimage"},"thumbnailUrl":"https:\/\/www.campariacademy.com\/es-ar\/wp-content\/uploads\/sites\/11\/2024\/02\/AnaSulan.jpg","datePublished":"2024-02-05T13:27:25+00:00","dateModified":"2024-02-05T13:27:29+00:00","breadcrumb":{"@id":"https:\/\/www.campariacademy.com\/es-ar\/inspiracion\/cultura-historia-y-personas-la-clave-para-entender-mejor-las-bebidas-con-la-dra-anna-sulan-masing\/#breadcrumb"},"inLanguage":"es-AR","potentialAction":[{"@type":"ReadAction","target":["https:\/\/www.campariacademy.com\/es-ar\/inspiracion\/cultura-historia-y-personas-la-clave-para-entender-mejor-las-bebidas-con-la-dra-anna-sulan-masing\/"]}]},{"@type":"ImageObject","inLanguage":"es-AR","@id":"https:\/\/www.campariacademy.com\/es-ar\/inspiracion\/cultura-historia-y-personas-la-clave-para-entender-mejor-las-bebidas-con-la-dra-anna-sulan-masing\/#primaryimage","url":"https:\/\/www.campariacademy.com\/es-ar\/wp-content\/uploads\/sites\/11\/2024\/02\/AnaSulan.jpg","contentUrl":"https:\/\/www.campariacademy.com\/es-ar\/wp-content\/uploads\/sites\/11\/2024\/02\/AnaSulan.jpg","width":800,"height":667},{"@type":"BreadcrumbList","@id":"https:\/\/www.campariacademy.com\/es-ar\/inspiracion\/cultura-historia-y-personas-la-clave-para-entender-mejor-las-bebidas-con-la-dra-anna-sulan-masing\/#breadcrumb","itemListElement":[{"@type":"ListItem","position":1,"name":"Inspiraci\u00f3n","item":"https:\/\/www.campariacademy.com\/es-ar\/inspiracion\/"},{"@type":"ListItem","position":2,"name":"Cultura, historia y personas: La clave para entender mejor las bebidas, con la Dra. Anna Sulan Masing"}]},{"@type":"WebSite","@id":"https:\/\/www.campariacademy.com\/es-ar\/#website","url":"https:\/\/www.campariacademy.com\/es-ar\/","name":"Campari Academy","description":"","publisher":{"@id":"https:\/\/www.campariacademy.com\/es-ar\/#organization"},"potentialAction":[{"@type":"SearchAction","target":{"@type":"EntryPoint","urlTemplate":"https:\/\/www.campariacademy.com\/es-ar\/?s={search_term_string}"},"query-input":{"@type":"PropertyValueSpecification","valueRequired":true,"valueName":"search_term_string"}}],"inLanguage":"es-AR"},{"@type":"Organization","@id":"https:\/\/www.campariacademy.com\/es-ar\/#organization","name":"Campari Academy","url":"https:\/\/www.campariacademy.com\/es-ar\/","logo":{"@type":"ImageObject","inLanguage":"es-AR","@id":"https:\/\/www.campariacademy.com\/es-ar\/#\/schema\/logo\/image\/","url":"https:\/\/www.campariacademy.com\/es-ar\/wp-content\/uploads\/sites\/11\/2022\/07\/campariacademy-logo.jpeg","contentUrl":"https:\/\/www.campariacademy.com\/es-ar\/wp-content\/uploads\/sites\/11\/2022\/07\/campariacademy-logo.jpeg","width":500,"height":185,"caption":"Campari Academy"},"image":{"@id":"https:\/\/www.campariacademy.com\/es-ar\/#\/schema\/logo\/image\/"}},{"@type":"Person","@id":"https:\/\/www.campariacademy.com\/es-ar\/#\/schema\/person\/d02644cea74d8d69502a2be75b3a16b4","name":"Charly Artale","image":{"@type":"ImageObject","inLanguage":"es-AR","@id":"https:\/\/www.campariacademy.com\/es-ar\/#\/schema\/person\/image\/","url":"https:\/\/secure.gravatar.com\/avatar\/debe2fe0cb863e788ebd4e708bbe9d3ae07d196db23e4ba24e8a452481d88ebc?s=96&d=mm&r=g","contentUrl":"https:\/\/secure.gravatar.com\/avatar\/debe2fe0cb863e788ebd4e708bbe9d3ae07d196db23e4ba24e8a452481d88ebc?s=96&d=mm&r=g","caption":"Charly Artale"}}]}},"_links":{"self":[{"href":"https:\/\/www.campariacademy.com\/es-ar\/wp-json\/wp\/v2\/posts\/2295","targetHints":{"allow":["GET"]}}],"collection":[{"href":"https:\/\/www.campariacademy.com\/es-ar\/wp-json\/wp\/v2\/posts"}],"about":[{"href":"https:\/\/www.campariacademy.com\/es-ar\/wp-json\/wp\/v2\/types\/post"}],"author":[{"embeddable":true,"href":"https:\/\/www.campariacademy.com\/es-ar\/wp-json\/wp\/v2\/users\/78"}],"replies":[{"embeddable":true,"href":"https:\/\/www.campariacademy.com\/es-ar\/wp-json\/wp\/v2\/comments?post=2295"}],"version-history":[{"count":1,"href":"https:\/\/www.campariacademy.com\/es-ar\/wp-json\/wp\/v2\/posts\/2295\/revisions"}],"predecessor-version":[{"id":2300,"href":"https:\/\/www.campariacademy.com\/es-ar\/wp-json\/wp\/v2\/posts\/2295\/revisions\/2300"}],"wp:featuredmedia":[{"embeddable":true,"href":"https:\/\/www.campariacademy.com\/es-ar\/wp-json\/wp\/v2\/media\/2296"}],"wp:attachment":[{"href":"https:\/\/www.campariacademy.com\/es-ar\/wp-json\/wp\/v2\/media?parent=2295"}],"wp:term":[{"taxonomy":"category","embeddable":true,"href":"https:\/\/www.campariacademy.com\/es-ar\/wp-json\/wp\/v2\/categories?post=2295"},{"taxonomy":"post_tag","embeddable":true,"href":"https:\/\/www.campariacademy.com\/es-ar\/wp-json\/wp\/v2\/tags?post=2295"},{"taxonomy":"theme","embeddable":true,"href":"https:\/\/www.campariacademy.com\/es-ar\/wp-json\/wp\/v2\/theme?post=2295"}],"curies":[{"name":"wp","href":"https:\/\/api.w.org\/{rel}","templated":true}]}}