{"id":1016,"date":"2022-06-23T13:38:58","date_gmt":"2022-06-23T13:38:58","guid":{"rendered":"https:\/\/www.campariacademy.com\/fr-fr\/?p=1016"},"modified":"2022-10-14T17:35:29","modified_gmt":"2022-10-14T15:35:29","slug":"focus-inclusivite-diversite","status":"publish","type":"post","link":"https:\/\/www.campariacademy.com\/fr-fr\/inspiration\/focus-inclusivite-diversite\/","title":{"rendered":"Pourquoi mettre l\u2019accent sur l\u2019inclusivit\u00e9 plut\u00f4t que sur la diversit\u00e9\u00a0?"},"content":{"rendered":"\n<p>Les mots <strong>\u00ab&nbsp;diversit\u00e9&nbsp;\u00bb et \u00ab&nbsp;inclusivit\u00e9&nbsp;\u00bb<\/strong> sont si souvent utilis\u00e9s ensemble qu\u2019il est tentant de penser qu\u2019ils ont le m\u00eame sens. En r\u00e9alit\u00e9, ils poss\u00e8dent bien deux d\u00e9finitions distinctes qui ne sont pas interchangeables. Mais <strong>quelle est la diff\u00e9rence&nbsp;?<\/strong><\/p>\n\n\n\n<p>Commen\u00e7ons par la <strong>diversit\u00e9<\/strong>, <strong>qui repr\u00e9sente le \u00ab&nbsp;quoi&nbsp;\u00bb<\/strong> de l\u2019\u00e9quation. Nous savons, pour la plupart, que la diversit\u00e9 reste au niveau superficiel. Il s\u2019agit des caract\u00e9ristiques et distinctions qui nous identifient (et nous distinguent), telles que le sexe, l\u2019\u00e2ge, la nationalit\u00e9 ou l\u2019orientation sexuelle, mais <strong>plus en profondeur<\/strong>, on compte \u00e9galement la cat\u00e9gorie socio\u00e9conomique, la religion et la formation professionnelle pour n\u2019en citer que quelques-unes. \u00c0 ce stade, je pense que la plupart des entreprises s\u2019accordent \u00e0 dire qu\u2019<strong>une \u00e9quipe diversifi\u00e9e est un atout<\/strong> (quelle qu\u2019en soit la raison) et dans les meilleures \u00e9tudes de cas, vous verrez souvent que les espaces de travail diversifi\u00e9s sont souvent plus agr\u00e9ables, b\u00e9n\u00e9ficient d\u2019un meilleur taux de r\u00e9tention du personnel et g\u00e9n\u00e8rent des revenus plus \u00e9lev\u00e9s.<\/p>\n\n\n\n<p><strong>Mais, car il y a un \u00ab&nbsp;mais&nbsp;\u00bb, et pas des moindres<\/strong>, vous pouvez aussi avoir un lieu de travail diversifi\u00e9, avec une \u00e9quipe provenant de diff\u00e9rents milieux et avec des exp\u00e9riences diff\u00e9rentes, et ne tirer aucun de ces avantages&nbsp;: bien souvent, faute d\u2019inclusivit\u00e9. Qu\u2019est-ce que \u00e7a veut dire? <strong>L\u2019inclusivit\u00e9 repr\u00e9sente surtout le \u00ab&nbsp;comment&nbsp;\u00bb de l\u2019\u00e9quation<\/strong>. Elle cr\u00e9e et favorise un environnement au sein duquel les personnes, ind\u00e9pendamment de leurs diff\u00e9rences et de leurs milieux, se sentent \u00e0 la fois accueillies et reconnues. Elle vise \u00e0 accueillir et \u00e0 faire \u00e9voluer les diff\u00e9rents groupes d\u2019individus que vous employez, \u00e0 les encourager et \u00e0 les faire progresser dans l\u2019\u00e9galit\u00e9, avec les m\u00eames possibilit\u00e9s. La difficult\u00e9 consiste \u00e0 modifier d\u2019anciennes pratiques qui b\u00e9n\u00e9ficient de mani\u00e8re injuste \u00e0 un petit groupe de personnes, ou \u00e0 briser des pr\u00e9jug\u00e9s inconscients qui nous sont propres \u00e0 tous, car comme nous le montre le pass\u00e9, <strong>il est tout \u00e0 fait possible d\u2019\u00eatre inclusif sans diversit\u00e9<\/strong>.<\/p>\n\n\n\n<p>Si vous souhaitez favoriser l\u2019inclusivit\u00e9, cela demande de l\u2019engagement, mais \u00e9galement de la pr\u00e9venance, de la compr\u00e9hension et de la volont\u00e9. Mais surtout, <strong>elle puise dans l\u2019empathie<\/strong>&nbsp;: la capacit\u00e9 \u00e0 comprendre le point de vue de l\u2019autre sans laisser son propre point de vue interf\u00e9rer. Je crois que c\u2019est l\u00e0 que r\u00e9side la plus grande difficult\u00e9 pour la plupart d\u2019entre nous. Non pas faute de vouloir \u00eatre ouverts et inclusifs, mais plut\u00f4t parce que <strong>nos propres ins\u00e9curit\u00e9s nous emp\u00eachent souvent de demander de l\u2019aide<\/strong> pour aborder des th\u00e8mes que l\u2019on ma\u00eetrise mal. Cela concerne surtout les sujets sensibles, qui, paradoxalement, doivent \u00eatre d\u00e9battus ouvertement pour cultiver un changement positif. Comprendre la diff\u00e9rence entre la diversit\u00e9 et l\u2019inclusivit\u00e9, c\u2019est comprendre l\u2019importance des deux et le fait qu\u2019elles m\u00e9ritent l\u2019une comme l\u2019autre, \u00e0 parts \u00e9gales, notre temps et notre engagement. <strong>La diff\u00e9rence doit \u00eatre une force<\/strong>, pas une source d&#8217;intimidation et la cr\u00e9ation de lieux qui l\u2019encouragent est non seulement importante, mais aussi essentielle \u00e0 l\u2019avenir.<\/p>\n\n\n\n<p>\u00c0 l\u2019\u00e9chelle individuelle, cela signifie que <strong>nous devons prendre conscience de nos propres pr\u00e9jug\u00e9s pour \u00eatre plus vigilant<\/strong>. S\u2019apercevoir qu\u2019il y a plusieurs mani\u00e8res de parvenir \u00e0 la r\u00e9ussite est une le\u00e7on importante, mais aussi une le\u00e7on difficile \u00e0 apprendre. Le progr\u00e8s passe par l\u2019essai et l\u2019\u00e9chec, mais dans l\u2019environnement actuel, il s\u2019agit parfois d\u2019un luxe rare. \u00c0 une plus grande \u00e9chelle, cela peut signifier <strong>avoir le courage de nous poser des questions \u00e9pineuses<\/strong> sur le statut actuel de notre secteur, et arr\u00eater de trouver des excuses.<\/p>\n\n\n\n<p><em>Monica Berg<\/em><\/p>\n","protected":false},"excerpt":{"rendered":"<p>Monica Berg nous parle de comment diversit\u00e9 et inclusion vivent ensemble et ce qu&#8217;il est essentiel de mettre en place pour les favoriser<\/p>\n","protected":false},"author":5,"featured_media":811,"comment_status":"closed","ping_status":"closed","sticky":false,"template":"","format":"standard","meta":{"_acf_changed":false,"footnotes":""},"categories":[22,27],"tags":[75,30],"theme":[3],"class_list":["post-1016","post","type-post","status-publish","format-standard","has-post-thumbnail","hentry","category-inspiration","category-tendances","tag-communaute-et-culture","tag-themes"],"acf":[],"yoast_head":"<!-- This site is optimized with the Yoast SEO plugin v26.9 - https:\/\/yoast.com\/product\/yoast-seo-wordpress\/ -->\n<title>Pourquoi mettre l\u2019accent sur l\u2019inclusivit\u00e9 plut\u00f4t que sur la diversit\u00e9\u00a0? - Campari Academy<\/title>\n<meta name=\"description\" content=\"Dans l&#039;\u00e9quation d&#039;un environnement de travail \u00e9quilibr\u00e9, la diversit\u00e9 est le quoi et l&#039;inclusivit\u00e9 le comment. Monica Berg partage avec nous son point de vue \u00e0 ce sujet.\" \/>\n<meta name=\"robots\" content=\"index, follow, max-snippet:-1, max-image-preview:large, max-video-preview:-1\" \/>\n<link rel=\"canonical\" href=\"https:\/\/www.campariacademy.com\/fr-fr\/inspiration\/focus-inclusivite-diversite\/\" \/>\n<meta property=\"og:locale\" content=\"fr_FR\" \/>\n<meta property=\"og:type\" content=\"article\" \/>\n<meta property=\"og:title\" content=\"Pourquoi mettre l\u2019accent sur l\u2019inclusivit\u00e9 plut\u00f4t que sur la diversit\u00e9\u00a0? - Campari Academy\" \/>\n<meta property=\"og:description\" content=\"Dans l&#039;\u00e9quation d&#039;un environnement de travail \u00e9quilibr\u00e9, la diversit\u00e9 est le quoi et l&#039;inclusivit\u00e9 le comment. Monica Berg partage avec nous son point de vue \u00e0 ce sujet.\" \/>\n<meta property=\"og:url\" content=\"https:\/\/www.campariacademy.com\/fr-fr\/inspiration\/focus-inclusivite-diversite\/\" \/>\n<meta property=\"og:site_name\" content=\"Campari Academy\" \/>\n<meta property=\"article:published_time\" content=\"2022-06-23T13:38:58+00:00\" \/>\n<meta property=\"article:modified_time\" content=\"2022-10-14T15:35:29+00:00\" \/>\n<meta property=\"og:image\" content=\"https:\/\/stage.campariacademy.com\/fr-fr\/wp-content\/uploads\/sites\/8\/2022\/05\/Monica_1-scaled.jpg\" \/>\n\t<meta property=\"og:image:width\" content=\"4480\" \/>\n\t<meta property=\"og:image:height\" content=\"6558\" \/>\n\t<meta property=\"og:image:type\" content=\"image\/jpeg\" \/>\n<meta name=\"author\" content=\"Carlo Carnevale\" \/>\n<meta name=\"twitter:card\" content=\"summary_large_image\" \/>\n<meta name=\"twitter:label1\" content=\"\u00c9crit par\" \/>\n\t<meta name=\"twitter:data1\" content=\"Carlo Carnevale\" \/>\n\t<meta name=\"twitter:label2\" content=\"Dur\u00e9e de lecture estim\u00e9e\" \/>\n\t<meta name=\"twitter:data2\" content=\"3 minutes\" \/>\n<script type=\"application\/ld+json\" class=\"yoast-schema-graph\">{\"@context\":\"https:\/\/schema.org\",\"@graph\":[{\"@type\":\"Article\",\"@id\":\"https:\/\/www.campariacademy.com\/fr-fr\/inspiration\/focus-inclusivite-diversite\/#article\",\"isPartOf\":{\"@id\":\"https:\/\/www.campariacademy.com\/fr-fr\/inspiration\/focus-inclusivite-diversite\/\"},\"author\":{\"name\":\"Carlo Carnevale\",\"@id\":\"https:\/\/www.campariacademy.com\/fr-fr\/#\/schema\/person\/f55238810eb6db7d3d6090b89e0ebd01\"},\"headline\":\"Pourquoi mettre l\u2019accent sur l\u2019inclusivit\u00e9 plut\u00f4t que sur la diversit\u00e9\u00a0?\",\"datePublished\":\"2022-06-23T13:38:58+00:00\",\"dateModified\":\"2022-10-14T15:35:29+00:00\",\"mainEntityOfPage\":{\"@id\":\"https:\/\/www.campariacademy.com\/fr-fr\/inspiration\/focus-inclusivite-diversite\/\"},\"wordCount\":681,\"publisher\":{\"@id\":\"https:\/\/www.campariacademy.com\/fr-fr\/#organization\"},\"image\":{\"@id\":\"https:\/\/www.campariacademy.com\/fr-fr\/inspiration\/focus-inclusivite-diversite\/#primaryimage\"},\"thumbnailUrl\":\"https:\/\/www.campariacademy.com\/fr-fr\/wp-content\/uploads\/sites\/8\/2022\/05\/Monica_1-scaled.jpg\",\"keywords\":[\"Communaut\u00e9 et culture\",\"Th\u00e8mes\"],\"articleSection\":[\"Inspiration\",\"Tendances\"],\"inLanguage\":\"fr-FR\"},{\"@type\":\"WebPage\",\"@id\":\"https:\/\/www.campariacademy.com\/fr-fr\/inspiration\/focus-inclusivite-diversite\/\",\"url\":\"https:\/\/www.campariacademy.com\/fr-fr\/inspiration\/focus-inclusivite-diversite\/\",\"name\":\"Pourquoi mettre l\u2019accent sur l\u2019inclusivit\u00e9 plut\u00f4t que sur la diversit\u00e9\u00a0? - Campari Academy\",\"isPartOf\":{\"@id\":\"https:\/\/www.campariacademy.com\/fr-fr\/#website\"},\"primaryImageOfPage\":{\"@id\":\"https:\/\/www.campariacademy.com\/fr-fr\/inspiration\/focus-inclusivite-diversite\/#primaryimage\"},\"image\":{\"@id\":\"https:\/\/www.campariacademy.com\/fr-fr\/inspiration\/focus-inclusivite-diversite\/#primaryimage\"},\"thumbnailUrl\":\"https:\/\/www.campariacademy.com\/fr-fr\/wp-content\/uploads\/sites\/8\/2022\/05\/Monica_1-scaled.jpg\",\"datePublished\":\"2022-06-23T13:38:58+00:00\",\"dateModified\":\"2022-10-14T15:35:29+00:00\",\"description\":\"Dans l'\u00e9quation d'un environnement de travail \u00e9quilibr\u00e9, la diversit\u00e9 est le quoi et l'inclusivit\u00e9 le comment. Monica Berg partage avec nous son point de vue \u00e0 ce sujet.\",\"inLanguage\":\"fr-FR\",\"potentialAction\":[{\"@type\":\"ReadAction\",\"target\":[\"https:\/\/www.campariacademy.com\/fr-fr\/inspiration\/focus-inclusivite-diversite\/\"]}]},{\"@type\":\"ImageObject\",\"inLanguage\":\"fr-FR\",\"@id\":\"https:\/\/www.campariacademy.com\/fr-fr\/inspiration\/focus-inclusivite-diversite\/#primaryimage\",\"url\":\"https:\/\/www.campariacademy.com\/fr-fr\/wp-content\/uploads\/sites\/8\/2022\/05\/Monica_1-scaled.jpg\",\"contentUrl\":\"https:\/\/www.campariacademy.com\/fr-fr\/wp-content\/uploads\/sites\/8\/2022\/05\/Monica_1-scaled.jpg\",\"width\":4480,\"height\":6558,\"caption\":\"Monica Berg profile\"},{\"@type\":\"WebSite\",\"@id\":\"https:\/\/www.campariacademy.com\/fr-fr\/#website\",\"url\":\"https:\/\/www.campariacademy.com\/fr-fr\/\",\"name\":\"Campari Academy\",\"description\":\"\",\"publisher\":{\"@id\":\"https:\/\/www.campariacademy.com\/fr-fr\/#organization\"},\"potentialAction\":[{\"@type\":\"SearchAction\",\"target\":{\"@type\":\"EntryPoint\",\"urlTemplate\":\"https:\/\/www.campariacademy.com\/fr-fr\/?s={search_term_string}\"},\"query-input\":{\"@type\":\"PropertyValueSpecification\",\"valueRequired\":true,\"valueName\":\"search_term_string\"}}],\"inLanguage\":\"fr-FR\"},{\"@type\":\"Organization\",\"@id\":\"https:\/\/www.campariacademy.com\/fr-fr\/#organization\",\"name\":\"Campari Academy\",\"url\":\"https:\/\/www.campariacademy.com\/fr-fr\/\",\"logo\":{\"@type\":\"ImageObject\",\"inLanguage\":\"fr-FR\",\"@id\":\"https:\/\/www.campariacademy.com\/fr-fr\/#\/schema\/logo\/image\/\",\"url\":\"https:\/\/www.campariacademy.com\/fr-fr\/wp-content\/uploads\/sites\/8\/2022\/07\/campariacademy-logo.jpeg\",\"contentUrl\":\"https:\/\/www.campariacademy.com\/fr-fr\/wp-content\/uploads\/sites\/8\/2022\/07\/campariacademy-logo.jpeg\",\"width\":500,\"height\":185,\"caption\":\"Campari Academy\"},\"image\":{\"@id\":\"https:\/\/www.campariacademy.com\/fr-fr\/#\/schema\/logo\/image\/\"}},{\"@type\":\"Person\",\"@id\":\"https:\/\/www.campariacademy.com\/fr-fr\/#\/schema\/person\/f55238810eb6db7d3d6090b89e0ebd01\",\"name\":\"Carlo Carnevale\",\"image\":{\"@type\":\"ImageObject\",\"inLanguage\":\"fr-FR\",\"@id\":\"https:\/\/www.campariacademy.com\/fr-fr\/#\/schema\/person\/image\/\",\"url\":\"https:\/\/secure.gravatar.com\/avatar\/52c4c0ce4ce7e8287a88acc35212c494ca5ee5f0cdbcaaaf2e51fb8a24bcdda7?s=96&d=mm&r=g\",\"contentUrl\":\"https:\/\/secure.gravatar.com\/avatar\/52c4c0ce4ce7e8287a88acc35212c494ca5ee5f0cdbcaaaf2e51fb8a24bcdda7?s=96&d=mm&r=g\",\"caption\":\"Carlo Carnevale\"}}]}<\/script>\n<!-- \/ Yoast SEO plugin. -->","yoast_head_json":{"title":"Pourquoi mettre l\u2019accent sur l\u2019inclusivit\u00e9 plut\u00f4t que sur la diversit\u00e9\u00a0? - Campari Academy","description":"Dans l'\u00e9quation d'un environnement de travail \u00e9quilibr\u00e9, la diversit\u00e9 est le quoi et l'inclusivit\u00e9 le comment. Monica Berg partage avec nous son point de vue \u00e0 ce sujet.","robots":{"index":"index","follow":"follow","max-snippet":"max-snippet:-1","max-image-preview":"max-image-preview:large","max-video-preview":"max-video-preview:-1"},"canonical":"https:\/\/www.campariacademy.com\/fr-fr\/inspiration\/focus-inclusivite-diversite\/","og_locale":"fr_FR","og_type":"article","og_title":"Pourquoi mettre l\u2019accent sur l\u2019inclusivit\u00e9 plut\u00f4t que sur la diversit\u00e9\u00a0? - Campari Academy","og_description":"Dans l'\u00e9quation d'un environnement de travail \u00e9quilibr\u00e9, la diversit\u00e9 est le quoi et l'inclusivit\u00e9 le comment. Monica Berg partage avec nous son point de vue \u00e0 ce sujet.","og_url":"https:\/\/www.campariacademy.com\/fr-fr\/inspiration\/focus-inclusivite-diversite\/","og_site_name":"Campari Academy","article_published_time":"2022-06-23T13:38:58+00:00","article_modified_time":"2022-10-14T15:35:29+00:00","og_image":[{"width":4480,"height":6558,"url":"https:\/\/stage.campariacademy.com\/fr-fr\/wp-content\/uploads\/sites\/8\/2022\/05\/Monica_1-scaled.jpg","type":"image\/jpeg"}],"author":"Carlo Carnevale","twitter_card":"summary_large_image","twitter_misc":{"\u00c9crit par":"Carlo Carnevale","Dur\u00e9e de lecture estim\u00e9e":"3 minutes"},"schema":{"@context":"https:\/\/schema.org","@graph":[{"@type":"Article","@id":"https:\/\/www.campariacademy.com\/fr-fr\/inspiration\/focus-inclusivite-diversite\/#article","isPartOf":{"@id":"https:\/\/www.campariacademy.com\/fr-fr\/inspiration\/focus-inclusivite-diversite\/"},"author":{"name":"Carlo Carnevale","@id":"https:\/\/www.campariacademy.com\/fr-fr\/#\/schema\/person\/f55238810eb6db7d3d6090b89e0ebd01"},"headline":"Pourquoi mettre l\u2019accent sur l\u2019inclusivit\u00e9 plut\u00f4t que sur la diversit\u00e9\u00a0?","datePublished":"2022-06-23T13:38:58+00:00","dateModified":"2022-10-14T15:35:29+00:00","mainEntityOfPage":{"@id":"https:\/\/www.campariacademy.com\/fr-fr\/inspiration\/focus-inclusivite-diversite\/"},"wordCount":681,"publisher":{"@id":"https:\/\/www.campariacademy.com\/fr-fr\/#organization"},"image":{"@id":"https:\/\/www.campariacademy.com\/fr-fr\/inspiration\/focus-inclusivite-diversite\/#primaryimage"},"thumbnailUrl":"https:\/\/www.campariacademy.com\/fr-fr\/wp-content\/uploads\/sites\/8\/2022\/05\/Monica_1-scaled.jpg","keywords":["Communaut\u00e9 et culture","Th\u00e8mes"],"articleSection":["Inspiration","Tendances"],"inLanguage":"fr-FR"},{"@type":"WebPage","@id":"https:\/\/www.campariacademy.com\/fr-fr\/inspiration\/focus-inclusivite-diversite\/","url":"https:\/\/www.campariacademy.com\/fr-fr\/inspiration\/focus-inclusivite-diversite\/","name":"Pourquoi mettre l\u2019accent sur l\u2019inclusivit\u00e9 plut\u00f4t que sur la diversit\u00e9\u00a0? - Campari Academy","isPartOf":{"@id":"https:\/\/www.campariacademy.com\/fr-fr\/#website"},"primaryImageOfPage":{"@id":"https:\/\/www.campariacademy.com\/fr-fr\/inspiration\/focus-inclusivite-diversite\/#primaryimage"},"image":{"@id":"https:\/\/www.campariacademy.com\/fr-fr\/inspiration\/focus-inclusivite-diversite\/#primaryimage"},"thumbnailUrl":"https:\/\/www.campariacademy.com\/fr-fr\/wp-content\/uploads\/sites\/8\/2022\/05\/Monica_1-scaled.jpg","datePublished":"2022-06-23T13:38:58+00:00","dateModified":"2022-10-14T15:35:29+00:00","description":"Dans l'\u00e9quation d'un environnement de travail \u00e9quilibr\u00e9, la diversit\u00e9 est le quoi et l'inclusivit\u00e9 le comment. Monica Berg partage avec nous son point de vue \u00e0 ce sujet.","inLanguage":"fr-FR","potentialAction":[{"@type":"ReadAction","target":["https:\/\/www.campariacademy.com\/fr-fr\/inspiration\/focus-inclusivite-diversite\/"]}]},{"@type":"ImageObject","inLanguage":"fr-FR","@id":"https:\/\/www.campariacademy.com\/fr-fr\/inspiration\/focus-inclusivite-diversite\/#primaryimage","url":"https:\/\/www.campariacademy.com\/fr-fr\/wp-content\/uploads\/sites\/8\/2022\/05\/Monica_1-scaled.jpg","contentUrl":"https:\/\/www.campariacademy.com\/fr-fr\/wp-content\/uploads\/sites\/8\/2022\/05\/Monica_1-scaled.jpg","width":4480,"height":6558,"caption":"Monica Berg profile"},{"@type":"WebSite","@id":"https:\/\/www.campariacademy.com\/fr-fr\/#website","url":"https:\/\/www.campariacademy.com\/fr-fr\/","name":"Campari Academy","description":"","publisher":{"@id":"https:\/\/www.campariacademy.com\/fr-fr\/#organization"},"potentialAction":[{"@type":"SearchAction","target":{"@type":"EntryPoint","urlTemplate":"https:\/\/www.campariacademy.com\/fr-fr\/?s={search_term_string}"},"query-input":{"@type":"PropertyValueSpecification","valueRequired":true,"valueName":"search_term_string"}}],"inLanguage":"fr-FR"},{"@type":"Organization","@id":"https:\/\/www.campariacademy.com\/fr-fr\/#organization","name":"Campari Academy","url":"https:\/\/www.campariacademy.com\/fr-fr\/","logo":{"@type":"ImageObject","inLanguage":"fr-FR","@id":"https:\/\/www.campariacademy.com\/fr-fr\/#\/schema\/logo\/image\/","url":"https:\/\/www.campariacademy.com\/fr-fr\/wp-content\/uploads\/sites\/8\/2022\/07\/campariacademy-logo.jpeg","contentUrl":"https:\/\/www.campariacademy.com\/fr-fr\/wp-content\/uploads\/sites\/8\/2022\/07\/campariacademy-logo.jpeg","width":500,"height":185,"caption":"Campari Academy"},"image":{"@id":"https:\/\/www.campariacademy.com\/fr-fr\/#\/schema\/logo\/image\/"}},{"@type":"Person","@id":"https:\/\/www.campariacademy.com\/fr-fr\/#\/schema\/person\/f55238810eb6db7d3d6090b89e0ebd01","name":"Carlo Carnevale","image":{"@type":"ImageObject","inLanguage":"fr-FR","@id":"https:\/\/www.campariacademy.com\/fr-fr\/#\/schema\/person\/image\/","url":"https:\/\/secure.gravatar.com\/avatar\/52c4c0ce4ce7e8287a88acc35212c494ca5ee5f0cdbcaaaf2e51fb8a24bcdda7?s=96&d=mm&r=g","contentUrl":"https:\/\/secure.gravatar.com\/avatar\/52c4c0ce4ce7e8287a88acc35212c494ca5ee5f0cdbcaaaf2e51fb8a24bcdda7?s=96&d=mm&r=g","caption":"Carlo Carnevale"}}]}},"_links":{"self":[{"href":"https:\/\/www.campariacademy.com\/fr-fr\/wp-json\/wp\/v2\/posts\/1016","targetHints":{"allow":["GET"]}}],"collection":[{"href":"https:\/\/www.campariacademy.com\/fr-fr\/wp-json\/wp\/v2\/posts"}],"about":[{"href":"https:\/\/www.campariacademy.com\/fr-fr\/wp-json\/wp\/v2\/types\/post"}],"author":[{"embeddable":true,"href":"https:\/\/www.campariacademy.com\/fr-fr\/wp-json\/wp\/v2\/users\/5"}],"replies":[{"embeddable":true,"href":"https:\/\/www.campariacademy.com\/fr-fr\/wp-json\/wp\/v2\/comments?post=1016"}],"version-history":[{"count":5,"href":"https:\/\/www.campariacademy.com\/fr-fr\/wp-json\/wp\/v2\/posts\/1016\/revisions"}],"predecessor-version":[{"id":1360,"href":"https:\/\/www.campariacademy.com\/fr-fr\/wp-json\/wp\/v2\/posts\/1016\/revisions\/1360"}],"wp:featuredmedia":[{"embeddable":true,"href":"https:\/\/www.campariacademy.com\/fr-fr\/wp-json\/wp\/v2\/media\/811"}],"wp:attachment":[{"href":"https:\/\/www.campariacademy.com\/fr-fr\/wp-json\/wp\/v2\/media?parent=1016"}],"wp:term":[{"taxonomy":"category","embeddable":true,"href":"https:\/\/www.campariacademy.com\/fr-fr\/wp-json\/wp\/v2\/categories?post=1016"},{"taxonomy":"post_tag","embeddable":true,"href":"https:\/\/www.campariacademy.com\/fr-fr\/wp-json\/wp\/v2\/tags?post=1016"},{"taxonomy":"theme","embeddable":true,"href":"https:\/\/www.campariacademy.com\/fr-fr\/wp-json\/wp\/v2\/theme?post=1016"}],"curies":[{"name":"wp","href":"https:\/\/api.w.org\/{rel}","templated":true}]}}