{"id":1035,"date":"2022-05-16T13:42:06","date_gmt":"2022-05-16T11:42:06","guid":{"rendered":"https:\/\/www.campariacademy.com\/it-it\/?p=1035"},"modified":"2022-09-14T10:23:09","modified_gmt":"2022-09-14T08:23:09","slug":"finalmente-a-casa-ha-aperto-la-terrazza-aperol-di-venezia","status":"publish","type":"post","link":"https:\/\/www.campariacademy.com\/it-it\/inspiration\/finalmente-a-casa-ha-aperto-la-terrazza-aperol-di-venezia\/","title":{"rendered":"Finalmente A Casa: Ha Aperto La Terrazza Aperol Di Venezia"},"content":{"rendered":"\n<p>Dove altro se non qui. La culla della multicultura, il crocevia di popoli e tradizioni per eccellenza, la regina&nbsp;delle rotte del mondo; ma soprattutto, la citt\u00e0 che ha adottato e lanciato nel mondo quello che \u00e8 ormai&nbsp;primo attore dei costumi italiani e non solo.&nbsp;<strong>Venezia abbraccia ancora una volta, e anzi celebra pi\u00f9 che<\/strong>&nbsp;<strong>mai, l\u2019Aperol,<\/strong>&nbsp;l\u2019aperitivo creato a Padova nel 1919 e poi divenuto icona della Serenissima; \u00e8 in Campo Santo&nbsp;Stefano, nel pieno scorrere della linfa veneziana pi\u00f9 autentica, che ha infatti aperto la&nbsp;<strong>nuovissima Terrazza Aperol,<\/strong>&nbsp;palcoscenico del futuro per il prodotto del momento.<br>Lo sciabordio del Canal&nbsp;Grande con i suoi palazzi aristocratici, e le vibrazioni della Fondazione Guggenheim sono a poche calli di&nbsp;passeggiata, mentre inizia&nbsp;<strong>una nuova epoca della convivialit\u00e0 a Venezia.<\/strong><\/p>\n\n\n\n<p>Due anime che si fondono e si stringono in una carezza d\u2019intesa, a suggellare il successo straordinario di&nbsp;un\u2019etichetta che ha come solo credo quello della condivisione, nella citt\u00e0 simbolo del brand: la nuova&nbsp;<strong>Terrazza Aperol \u00e8 la miscela stupenda tra la tradizione dei&nbsp;<em>bacari<\/em><\/strong>, le piccole osterie tipiche di Venezia,&nbsp;<strong>e il<\/strong>&nbsp;<strong>glamour contemporaneo di un cocktail bar<\/strong>&nbsp;sulla cresta dell\u2019onda moderna. Uno spazio che riporta in vita&nbsp;l\u2019essenza del marchio, una bevuta informale e ricchissima di storia, che va a stringersi con un\u2019esperienza da&nbsp;godere per tutta la giornata. Dalla colazione al dopocena, dall\u2019immersione totale nello Spritz perfetto (tre&nbsp;parti prosecco, due parti Aperol, spruzzo di selz e fondamentale mezza fetta d\u2019arancia) alla possibilit\u00e0 di&nbsp;lavorare da remoto, trascorre del tempo in serenit\u00e0 e in compagnia. La nuova Terrazza Aperol \u00e8 il nuovo&nbsp;tempio della connessione e dello star bene, vissute attraverso la lente colorata di un design giovane e&nbsp;fresco.<\/p>\n\n\n\n<p><strong>Venezia, patria di mille lingue e ancora pi\u00f9 varie usanze<\/strong>,&nbsp;<strong>trionfa in questo nuovo luogo di incontro,&nbsp;<\/strong>uscendo fuori vibrante da ogni angolo e ogni angolazione: l\u2019arredamento della nuova Terrazza Aperol \u00e8&nbsp;stato infatti realizzato con materiale di recupero della citt\u00e0, e il merchandising \u00e8 frutto della collaborazione&nbsp;con aziende locali, perch\u00e9 il made in Veneto \u00e8 vanto, oltre che garanzia di qualit\u00e0. E convivialit\u00e0 e territorio&nbsp;si ritrovano anche nel&nbsp;<strong>lato pi\u00f9 innovativo della nuova Terrazza Aperol, la carta food<\/strong>&nbsp;curata da Alessandro&nbsp;Negrini e Fabio Pisani di&nbsp;<em>Il luogo Aimo e Diana<\/em>&nbsp;a Milano, chef giovani, eclettici, sperimentatori, che con una ricerca&nbsp;incentrata sulla prossimit\u00e0 hanno ricreato una proposta d\u2019eccellenza ma mai irraggiungibile, come nella&nbsp;tradizione di&nbsp;<strong>Venezia, che dell\u2019inclusivit\u00e0 ha fatto la propria bandiera.<\/strong><\/p>\n\n\n\n<p>\u00c8 il primo passo di un viaggio che sempre pi\u00f9 vorr\u00e0 parlare i dialetti del mondo, senza mai perdere di vista&nbsp;le proprie origini: la venezianit\u00e0, intrecciata con il culto dell\u2019aperitivo, potr\u00e0 trovare casa a qualsiasi&nbsp;latitudine, ma \u00e8 ai veneziani che guarder\u00e0 sempre con l\u2019amore pi\u00f9 profondo.&nbsp;<strong>La nuova Terrazza Aperol \u00e8<\/strong>&nbsp;<strong>infatti il nuovo porto sicuro per chi Venezia la vive e la difende<\/strong>, come Aperol ha dimostrato di fare&nbsp;contribuendo al restauro di imbarcazioni storiche, coinvolgendo artisti del conservatorio locale per la serata&nbsp;d\u2019apertura, e istituendo partnership con associazioni culturali del territorio. I mercanti in casacche di lino, il&nbsp;dedalo di scambi e contaminazioni, l\u2019odore delle spezie e delle sete, il sole arancione (ovviamente) della&nbsp;Repubblica Marinara: le emozioni di tempi lontani, emblematiche della personalit\u00e0 di Venezia, tornano a&nbsp;vivere nel momento pi\u00f9 amato dagli italiani,&nbsp;<strong>l\u2019aperitivo reso grandissimo anche dall\u2019Aperol Spritz<\/strong>, ormai&nbsp;presente in ogni continente. E la nuova Terrazza Aperol, in fondo, \u00e8 solo&nbsp;<strong>l\u2019inizio di un percorso che arriver\u00e0<\/strong>&nbsp;<strong>ovunque.<\/strong><\/p>\n\n\n\n<p><em><br>a cura di Carlo Carnevale<\/em><\/p>\n","protected":false},"excerpt":{"rendered":"<p>Dove altro se non qui. La culla della multicultura, il crocevia di popoli e tradizioni per eccellenza, la regina&nbsp;delle rotte del mondo; ma soprattutto, la citt\u00e0 che ha adottato e lanciato nel mondo quello che \u00e8 ormai&nbsp;primo attore dei costumi italiani e non solo.&nbsp;Venezia abbraccia ancora una volta, e anzi celebra pi\u00f9 che&nbsp;mai, l\u2019Aperol,&nbsp;l\u2019aperitivo creato [&hellip;]<\/p>\n","protected":false},"author":132,"featured_media":1036,"comment_status":"closed","ping_status":"closed","sticky":false,"template":"","format":"standard","meta":{"_acf_changed":false,"footnotes":""},"categories":[22,26],"tags":[],"theme":[],"class_list":["post-1035","post","type-post","status-publish","format-standard","has-post-thumbnail","hentry","category-inspiration","category-news"],"acf":[],"yoast_head":"<!-- This site is optimized with the Yoast SEO plugin v26.9 - https:\/\/yoast.com\/product\/yoast-seo-wordpress\/ -->\n<title>Finalmente A Casa: Ha Aperto La Terrazza Aperol Di Venezia - Campari Academy<\/title>\n<meta name=\"robots\" content=\"index, follow, max-snippet:-1, max-image-preview:large, max-video-preview:-1\" \/>\n<link rel=\"canonical\" href=\"https:\/\/www.campariacademy.com\/it-it\/inspiration\/finalmente-a-casa-ha-aperto-la-terrazza-aperol-di-venezia\/\" \/>\n<meta property=\"og:locale\" content=\"it_IT\" \/>\n<meta property=\"og:type\" content=\"article\" \/>\n<meta property=\"og:title\" content=\"Finalmente A Casa: Ha Aperto La Terrazza Aperol Di Venezia - Campari Academy\" \/>\n<meta property=\"og:description\" content=\"Dove altro se non qui. La culla della multicultura, il crocevia di popoli e tradizioni per eccellenza, la regina&nbsp;delle rotte del mondo; ma soprattutto, la citt\u00e0 che ha adottato e lanciato nel mondo quello che \u00e8 ormai&nbsp;primo attore dei costumi italiani e non solo.&nbsp;Venezia abbraccia ancora una volta, e anzi celebra pi\u00f9 che&nbsp;mai, l\u2019Aperol,&nbsp;l\u2019aperitivo creato [&hellip;]\" \/>\n<meta property=\"og:url\" content=\"https:\/\/www.campariacademy.com\/it-it\/inspiration\/finalmente-a-casa-ha-aperto-la-terrazza-aperol-di-venezia\/\" \/>\n<meta property=\"og:site_name\" content=\"Campari Academy\" \/>\n<meta property=\"article:published_time\" content=\"2022-05-16T11:42:06+00:00\" \/>\n<meta property=\"article:modified_time\" content=\"2022-09-14T08:23:09+00:00\" \/>\n<meta property=\"og:image\" content=\"https:\/\/www.campariacademy.com\/it-it\/wp-content\/uploads\/sites\/2\/2022\/05\/210903_CA_ARTICOLO_TERRAZZAAPEROL.jpg\" \/>\n\t<meta property=\"og:image:width\" content=\"1920\" \/>\n\t<meta property=\"og:image:height\" content=\"1080\" \/>\n\t<meta property=\"og:image:type\" content=\"image\/jpeg\" \/>\n<meta name=\"author\" content=\"Alberto Zanardo\" \/>\n<meta name=\"twitter:card\" content=\"summary_large_image\" \/>\n<meta name=\"twitter:label1\" content=\"Scritto da\" \/>\n\t<meta name=\"twitter:data1\" content=\"Alberto Zanardo\" \/>\n\t<meta name=\"twitter:label2\" content=\"Tempo di lettura stimato\" \/>\n\t<meta name=\"twitter:data2\" content=\"3 minuti\" \/>\n<script type=\"application\/ld+json\" class=\"yoast-schema-graph\">{\"@context\":\"https:\/\/schema.org\",\"@graph\":[{\"@type\":\"Article\",\"@id\":\"https:\/\/www.campariacademy.com\/it-it\/inspiration\/finalmente-a-casa-ha-aperto-la-terrazza-aperol-di-venezia\/#article\",\"isPartOf\":{\"@id\":\"https:\/\/www.campariacademy.com\/it-it\/inspiration\/finalmente-a-casa-ha-aperto-la-terrazza-aperol-di-venezia\/\"},\"author\":{\"name\":\"Alberto Zanardo\",\"@id\":\"https:\/\/www.campariacademy.com\/it-it\/#\/schema\/person\/f40f63200e8ac7673f02f1f3417407cf\"},\"headline\":\"Finalmente A Casa: Ha Aperto La Terrazza Aperol Di Venezia\",\"datePublished\":\"2022-05-16T11:42:06+00:00\",\"dateModified\":\"2022-09-14T08:23:09+00:00\",\"mainEntityOfPage\":{\"@id\":\"https:\/\/www.campariacademy.com\/it-it\/inspiration\/finalmente-a-casa-ha-aperto-la-terrazza-aperol-di-venezia\/\"},\"wordCount\":647,\"publisher\":{\"@id\":\"https:\/\/www.campariacademy.com\/it-it\/#organization\"},\"image\":{\"@id\":\"https:\/\/www.campariacademy.com\/it-it\/inspiration\/finalmente-a-casa-ha-aperto-la-terrazza-aperol-di-venezia\/#primaryimage\"},\"thumbnailUrl\":\"https:\/\/www.campariacademy.com\/it-it\/wp-content\/uploads\/sites\/2\/2022\/05\/210903_CA_ARTICOLO_TERRAZZAAPEROL.jpg\",\"articleSection\":[\"Inspiration\",\"News\"],\"inLanguage\":\"it-IT\"},{\"@type\":\"WebPage\",\"@id\":\"https:\/\/www.campariacademy.com\/it-it\/inspiration\/finalmente-a-casa-ha-aperto-la-terrazza-aperol-di-venezia\/\",\"url\":\"https:\/\/www.campariacademy.com\/it-it\/inspiration\/finalmente-a-casa-ha-aperto-la-terrazza-aperol-di-venezia\/\",\"name\":\"Finalmente A Casa: Ha Aperto La Terrazza Aperol Di Venezia - Campari Academy\",\"isPartOf\":{\"@id\":\"https:\/\/www.campariacademy.com\/it-it\/#website\"},\"primaryImageOfPage\":{\"@id\":\"https:\/\/www.campariacademy.com\/it-it\/inspiration\/finalmente-a-casa-ha-aperto-la-terrazza-aperol-di-venezia\/#primaryimage\"},\"image\":{\"@id\":\"https:\/\/www.campariacademy.com\/it-it\/inspiration\/finalmente-a-casa-ha-aperto-la-terrazza-aperol-di-venezia\/#primaryimage\"},\"thumbnailUrl\":\"https:\/\/www.campariacademy.com\/it-it\/wp-content\/uploads\/sites\/2\/2022\/05\/210903_CA_ARTICOLO_TERRAZZAAPEROL.jpg\",\"datePublished\":\"2022-05-16T11:42:06+00:00\",\"dateModified\":\"2022-09-14T08:23:09+00:00\",\"inLanguage\":\"it-IT\",\"potentialAction\":[{\"@type\":\"ReadAction\",\"target\":[\"https:\/\/www.campariacademy.com\/it-it\/inspiration\/finalmente-a-casa-ha-aperto-la-terrazza-aperol-di-venezia\/\"]}]},{\"@type\":\"ImageObject\",\"inLanguage\":\"it-IT\",\"@id\":\"https:\/\/www.campariacademy.com\/it-it\/inspiration\/finalmente-a-casa-ha-aperto-la-terrazza-aperol-di-venezia\/#primaryimage\",\"url\":\"https:\/\/www.campariacademy.com\/it-it\/wp-content\/uploads\/sites\/2\/2022\/05\/210903_CA_ARTICOLO_TERRAZZAAPEROL.jpg\",\"contentUrl\":\"https:\/\/www.campariacademy.com\/it-it\/wp-content\/uploads\/sites\/2\/2022\/05\/210903_CA_ARTICOLO_TERRAZZAAPEROL.jpg\",\"width\":1920,\"height\":1080},{\"@type\":\"WebSite\",\"@id\":\"https:\/\/www.campariacademy.com\/it-it\/#website\",\"url\":\"https:\/\/www.campariacademy.com\/it-it\/\",\"name\":\"Campari Academy\",\"description\":\"\",\"publisher\":{\"@id\":\"https:\/\/www.campariacademy.com\/it-it\/#organization\"},\"potentialAction\":[{\"@type\":\"SearchAction\",\"target\":{\"@type\":\"EntryPoint\",\"urlTemplate\":\"https:\/\/www.campariacademy.com\/it-it\/?s={search_term_string}\"},\"query-input\":{\"@type\":\"PropertyValueSpecification\",\"valueRequired\":true,\"valueName\":\"search_term_string\"}}],\"inLanguage\":\"it-IT\"},{\"@type\":\"Organization\",\"@id\":\"https:\/\/www.campariacademy.com\/it-it\/#organization\",\"name\":\"Campari Academy\",\"url\":\"https:\/\/www.campariacademy.com\/it-it\/\",\"logo\":{\"@type\":\"ImageObject\",\"inLanguage\":\"it-IT\",\"@id\":\"https:\/\/www.campariacademy.com\/it-it\/#\/schema\/logo\/image\/\",\"url\":\"https:\/\/www.campariacademy.com\/it-it\/wp-content\/uploads\/sites\/2\/2022\/07\/campariacademy-logo.jpeg\",\"contentUrl\":\"https:\/\/www.campariacademy.com\/it-it\/wp-content\/uploads\/sites\/2\/2022\/07\/campariacademy-logo.jpeg\",\"width\":500,\"height\":185,\"caption\":\"Campari Academy\"},\"image\":{\"@id\":\"https:\/\/www.campariacademy.com\/it-it\/#\/schema\/logo\/image\/\"}},{\"@type\":\"Person\",\"@id\":\"https:\/\/www.campariacademy.com\/it-it\/#\/schema\/person\/f40f63200e8ac7673f02f1f3417407cf\",\"name\":\"Alberto Zanardo\",\"image\":{\"@type\":\"ImageObject\",\"inLanguage\":\"it-IT\",\"@id\":\"https:\/\/www.campariacademy.com\/it-it\/#\/schema\/person\/image\/\",\"url\":\"https:\/\/secure.gravatar.com\/avatar\/dbcad150c96422bf8c2abd3dcffdbd849baf388a48e28b0567b482ff96764fae?s=96&d=mm&r=g\",\"contentUrl\":\"https:\/\/secure.gravatar.com\/avatar\/dbcad150c96422bf8c2abd3dcffdbd849baf388a48e28b0567b482ff96764fae?s=96&d=mm&r=g\",\"caption\":\"Alberto Zanardo\"}}]}<\/script>\n<!-- \/ Yoast SEO plugin. -->","yoast_head_json":{"title":"Finalmente A Casa: Ha Aperto La Terrazza Aperol Di Venezia - Campari Academy","robots":{"index":"index","follow":"follow","max-snippet":"max-snippet:-1","max-image-preview":"max-image-preview:large","max-video-preview":"max-video-preview:-1"},"canonical":"https:\/\/www.campariacademy.com\/it-it\/inspiration\/finalmente-a-casa-ha-aperto-la-terrazza-aperol-di-venezia\/","og_locale":"it_IT","og_type":"article","og_title":"Finalmente A Casa: Ha Aperto La Terrazza Aperol Di Venezia - Campari Academy","og_description":"Dove altro se non qui. La culla della multicultura, il crocevia di popoli e tradizioni per eccellenza, la regina&nbsp;delle rotte del mondo; ma soprattutto, la citt\u00e0 che ha adottato e lanciato nel mondo quello che \u00e8 ormai&nbsp;primo attore dei costumi italiani e non solo.&nbsp;Venezia abbraccia ancora una volta, e anzi celebra pi\u00f9 che&nbsp;mai, l\u2019Aperol,&nbsp;l\u2019aperitivo creato [&hellip;]","og_url":"https:\/\/www.campariacademy.com\/it-it\/inspiration\/finalmente-a-casa-ha-aperto-la-terrazza-aperol-di-venezia\/","og_site_name":"Campari Academy","article_published_time":"2022-05-16T11:42:06+00:00","article_modified_time":"2022-09-14T08:23:09+00:00","og_image":[{"width":1920,"height":1080,"url":"https:\/\/www.campariacademy.com\/it-it\/wp-content\/uploads\/sites\/2\/2022\/05\/210903_CA_ARTICOLO_TERRAZZAAPEROL.jpg","type":"image\/jpeg"}],"author":"Alberto Zanardo","twitter_card":"summary_large_image","twitter_misc":{"Scritto da":"Alberto Zanardo","Tempo di lettura stimato":"3 minuti"},"schema":{"@context":"https:\/\/schema.org","@graph":[{"@type":"Article","@id":"https:\/\/www.campariacademy.com\/it-it\/inspiration\/finalmente-a-casa-ha-aperto-la-terrazza-aperol-di-venezia\/#article","isPartOf":{"@id":"https:\/\/www.campariacademy.com\/it-it\/inspiration\/finalmente-a-casa-ha-aperto-la-terrazza-aperol-di-venezia\/"},"author":{"name":"Alberto Zanardo","@id":"https:\/\/www.campariacademy.com\/it-it\/#\/schema\/person\/f40f63200e8ac7673f02f1f3417407cf"},"headline":"Finalmente A Casa: Ha Aperto La Terrazza Aperol Di Venezia","datePublished":"2022-05-16T11:42:06+00:00","dateModified":"2022-09-14T08:23:09+00:00","mainEntityOfPage":{"@id":"https:\/\/www.campariacademy.com\/it-it\/inspiration\/finalmente-a-casa-ha-aperto-la-terrazza-aperol-di-venezia\/"},"wordCount":647,"publisher":{"@id":"https:\/\/www.campariacademy.com\/it-it\/#organization"},"image":{"@id":"https:\/\/www.campariacademy.com\/it-it\/inspiration\/finalmente-a-casa-ha-aperto-la-terrazza-aperol-di-venezia\/#primaryimage"},"thumbnailUrl":"https:\/\/www.campariacademy.com\/it-it\/wp-content\/uploads\/sites\/2\/2022\/05\/210903_CA_ARTICOLO_TERRAZZAAPEROL.jpg","articleSection":["Inspiration","News"],"inLanguage":"it-IT"},{"@type":"WebPage","@id":"https:\/\/www.campariacademy.com\/it-it\/inspiration\/finalmente-a-casa-ha-aperto-la-terrazza-aperol-di-venezia\/","url":"https:\/\/www.campariacademy.com\/it-it\/inspiration\/finalmente-a-casa-ha-aperto-la-terrazza-aperol-di-venezia\/","name":"Finalmente A Casa: Ha Aperto La Terrazza Aperol Di Venezia - Campari Academy","isPartOf":{"@id":"https:\/\/www.campariacademy.com\/it-it\/#website"},"primaryImageOfPage":{"@id":"https:\/\/www.campariacademy.com\/it-it\/inspiration\/finalmente-a-casa-ha-aperto-la-terrazza-aperol-di-venezia\/#primaryimage"},"image":{"@id":"https:\/\/www.campariacademy.com\/it-it\/inspiration\/finalmente-a-casa-ha-aperto-la-terrazza-aperol-di-venezia\/#primaryimage"},"thumbnailUrl":"https:\/\/www.campariacademy.com\/it-it\/wp-content\/uploads\/sites\/2\/2022\/05\/210903_CA_ARTICOLO_TERRAZZAAPEROL.jpg","datePublished":"2022-05-16T11:42:06+00:00","dateModified":"2022-09-14T08:23:09+00:00","inLanguage":"it-IT","potentialAction":[{"@type":"ReadAction","target":["https:\/\/www.campariacademy.com\/it-it\/inspiration\/finalmente-a-casa-ha-aperto-la-terrazza-aperol-di-venezia\/"]}]},{"@type":"ImageObject","inLanguage":"it-IT","@id":"https:\/\/www.campariacademy.com\/it-it\/inspiration\/finalmente-a-casa-ha-aperto-la-terrazza-aperol-di-venezia\/#primaryimage","url":"https:\/\/www.campariacademy.com\/it-it\/wp-content\/uploads\/sites\/2\/2022\/05\/210903_CA_ARTICOLO_TERRAZZAAPEROL.jpg","contentUrl":"https:\/\/www.campariacademy.com\/it-it\/wp-content\/uploads\/sites\/2\/2022\/05\/210903_CA_ARTICOLO_TERRAZZAAPEROL.jpg","width":1920,"height":1080},{"@type":"WebSite","@id":"https:\/\/www.campariacademy.com\/it-it\/#website","url":"https:\/\/www.campariacademy.com\/it-it\/","name":"Campari Academy","description":"","publisher":{"@id":"https:\/\/www.campariacademy.com\/it-it\/#organization"},"potentialAction":[{"@type":"SearchAction","target":{"@type":"EntryPoint","urlTemplate":"https:\/\/www.campariacademy.com\/it-it\/?s={search_term_string}"},"query-input":{"@type":"PropertyValueSpecification","valueRequired":true,"valueName":"search_term_string"}}],"inLanguage":"it-IT"},{"@type":"Organization","@id":"https:\/\/www.campariacademy.com\/it-it\/#organization","name":"Campari Academy","url":"https:\/\/www.campariacademy.com\/it-it\/","logo":{"@type":"ImageObject","inLanguage":"it-IT","@id":"https:\/\/www.campariacademy.com\/it-it\/#\/schema\/logo\/image\/","url":"https:\/\/www.campariacademy.com\/it-it\/wp-content\/uploads\/sites\/2\/2022\/07\/campariacademy-logo.jpeg","contentUrl":"https:\/\/www.campariacademy.com\/it-it\/wp-content\/uploads\/sites\/2\/2022\/07\/campariacademy-logo.jpeg","width":500,"height":185,"caption":"Campari Academy"},"image":{"@id":"https:\/\/www.campariacademy.com\/it-it\/#\/schema\/logo\/image\/"}},{"@type":"Person","@id":"https:\/\/www.campariacademy.com\/it-it\/#\/schema\/person\/f40f63200e8ac7673f02f1f3417407cf","name":"Alberto Zanardo","image":{"@type":"ImageObject","inLanguage":"it-IT","@id":"https:\/\/www.campariacademy.com\/it-it\/#\/schema\/person\/image\/","url":"https:\/\/secure.gravatar.com\/avatar\/dbcad150c96422bf8c2abd3dcffdbd849baf388a48e28b0567b482ff96764fae?s=96&d=mm&r=g","contentUrl":"https:\/\/secure.gravatar.com\/avatar\/dbcad150c96422bf8c2abd3dcffdbd849baf388a48e28b0567b482ff96764fae?s=96&d=mm&r=g","caption":"Alberto Zanardo"}}]}},"_links":{"self":[{"href":"https:\/\/www.campariacademy.com\/it-it\/wp-json\/wp\/v2\/posts\/1035","targetHints":{"allow":["GET"]}}],"collection":[{"href":"https:\/\/www.campariacademy.com\/it-it\/wp-json\/wp\/v2\/posts"}],"about":[{"href":"https:\/\/www.campariacademy.com\/it-it\/wp-json\/wp\/v2\/types\/post"}],"author":[{"embeddable":true,"href":"https:\/\/www.campariacademy.com\/it-it\/wp-json\/wp\/v2\/users\/132"}],"replies":[{"embeddable":true,"href":"https:\/\/www.campariacademy.com\/it-it\/wp-json\/wp\/v2\/comments?post=1035"}],"version-history":[{"count":3,"href":"https:\/\/www.campariacademy.com\/it-it\/wp-json\/wp\/v2\/posts\/1035\/revisions"}],"predecessor-version":[{"id":1250,"href":"https:\/\/www.campariacademy.com\/it-it\/wp-json\/wp\/v2\/posts\/1035\/revisions\/1250"}],"wp:featuredmedia":[{"embeddable":true,"href":"https:\/\/www.campariacademy.com\/it-it\/wp-json\/wp\/v2\/media\/1036"}],"wp:attachment":[{"href":"https:\/\/www.campariacademy.com\/it-it\/wp-json\/wp\/v2\/media?parent=1035"}],"wp:term":[{"taxonomy":"category","embeddable":true,"href":"https:\/\/www.campariacademy.com\/it-it\/wp-json\/wp\/v2\/categories?post=1035"},{"taxonomy":"post_tag","embeddable":true,"href":"https:\/\/www.campariacademy.com\/it-it\/wp-json\/wp\/v2\/tags?post=1035"},{"taxonomy":"theme","embeddable":true,"href":"https:\/\/www.campariacademy.com\/it-it\/wp-json\/wp\/v2\/theme?post=1035"}],"curies":[{"name":"wp","href":"https:\/\/api.w.org\/{rel}","templated":true}]}}