{"id":2241,"date":"2023-09-21T11:40:39","date_gmt":"2023-09-21T09:40:39","guid":{"rendered":"https:\/\/www.campariacademy.com\/it-it\/?p=2241"},"modified":"2023-09-21T11:43:22","modified_gmt":"2023-09-21T09:43:22","slug":"non-ce-negroni-senza-campari-lundicesima-edizione-della-negroni-week","status":"publish","type":"post","link":"https:\/\/www.campariacademy.com\/it-it\/inspiration\/news\/non-ce-negroni-senza-campari-lundicesima-edizione-della-negroni-week\/","title":{"rendered":"Non c&#8217;\u00e8 Negroni senza Campari: l&#8217;undicesima edizione della Negroni Week"},"content":{"rendered":"\n<p>Sette giorni per celebrare un cocktail iconico e senza tempo: l\u2019undicesima edizione della Negroni Week prender\u00e0 vita dal 18 al 24 settembre, quando migliaia di locali in tutto il mondo serviranno il Negroni e le sue varianti per una giusta causa. Dalla prima edizione nel 2013, la Negroni Week ha infatti raccolto oltre quattro milioni di dollari a sostegno del progetto Slow Food. Insieme alla rivista internazionale Imbibe Magazine, Campari vestir\u00e0 i panni di protagonista ancora una volta, al fianco della comunit\u00e0 dei bartender per divulgare i suoi valori di eccellenza e costante ricerca della qualit\u00e0, di cui il Negroni \u00e8 esempio perfetto.<\/p>\n\n\n<div class=\"wp-block-image\">\n<figure class=\"aligncenter size-large is-resized\"><img loading=\"lazy\" decoding=\"async\" sizes=\"auto, (max-width: 480px) 100vw, (max-width: 768px) 100vw, (max-width: 1024px) 90vw, (max-width: 1440px) 80vw, 700px\" src=\"https:\/\/www.campariacademy.com\/it-it\/wp-content\/uploads\/sites\/2\/2023\/09\/1080x1350_Negroni_Week_Camparino-819x1024.jpg\" alt=\"\" class=\"wp-image-2242\" width=\"457\" height=\"572\" srcset=\"https:\/\/www.campariacademy.com\/it-it\/wp-content\/uploads\/sites\/2\/2023\/09\/1080x1350_Negroni_Week_Camparino-819x1024.jpg 819w, https:\/\/www.campariacademy.com\/it-it\/wp-content\/uploads\/sites\/2\/2023\/09\/1080x1350_Negroni_Week_Camparino-240x300.jpg 240w, https:\/\/www.campariacademy.com\/it-it\/wp-content\/uploads\/sites\/2\/2023\/09\/1080x1350_Negroni_Week_Camparino-768x960.jpg 768w, https:\/\/www.campariacademy.com\/it-it\/wp-content\/uploads\/sites\/2\/2023\/09\/1080x1350_Negroni_Week_Camparino-480x600.jpg 480w, https:\/\/www.campariacademy.com\/it-it\/wp-content\/uploads\/sites\/2\/2023\/09\/1080x1350_Negroni_Week_Camparino.jpg 1080w\" \/><\/figure>\n<\/div>\n\n\n<p><strong>CAMPARI PROTAGONISTA<\/strong><\/p>\n\n\n\n<p>Saranno oltre duecento i locali italiani che parteciperanno alla Negroni Week 2023, certificando il ruolo di assoluta centralit\u00e0 che l\u2019Italia ha da sempre interpretato nella storia di questo cocktail iconico. In Italia, Campari metter\u00e0 in atto una serie di collaborazioni di altissimo profilo, impreziosite dalle partnership con locali di fama mondiale: Nite Kong, la costola esclusiva del Drink Kong di Patrick Pistolesi, al numero 16 dell\u2019ultima World\u2019s 50 Best Bars; Caff\u00e8 Giacosa, il bar fiorentino che rivive tra le stesse mura che hanno visto nascere il Negroni, oltre un secolo fa; e [Ca.Ri.Co] Milano, il rivoluzionario concept di Dom Carella (Campari Red Hand 2023), che per l\u2019occasione inaugurer\u00e0 una speciale Negroni Room incentrata sull\u2019eterno cocktail italiano.&nbsp;<\/p>\n\n\n\n<p><strong>LA STORIA<\/strong><\/p>\n\n\n\n<p>\u201cQuando si parla di Negroni, si parla di Italia, di aperitivo, di Firenze, e delle mille sfaccettature che questo drink \u00e8 capace di regalarci\u201d, spiega Gabriele Manfredi, che al Giacosa fa rivivere l\u2019atmosfera nel quale il Negroni nacque, e per la Negroni Week propone una variante infuso all\u2019iris. Frutto nel 1919 dall\u2019intuizione del bartender fiorentino Fosco Scarselli, su iniziativa del Conte Camillo Negroni, il connubio perfetto tra Campari, vermouth e gin si \u00e8 affermato nel corso dei decenni come il preferito dei consumatori, superando i confini nazionali fino ad essere incoronato come cocktail pi\u00f9 bevuto al mondo nelle ultime due edizioni della speciale classifica realizzata da Drinks International. Un drink che \u201crende orgogliosi di essere italiani\u201d racconta Pistolesi, \u201cun\u2019icona del nostro paese nel mondo, un ambassador di gusto e stile nostrano. La Negroni Week \u00e8 un grande stimolo per i giovani bartender e un\u2019occasione per presentare le proprie visioni su un drink cos\u00ec rappresentativo\u201d. Per l\u2019occasione il Drink Kong ha pensato a \u201cuna versione del Negroni divisa in tre esperienze: tre figure geometriche complementari, tre versioni che si possono collocare nel passato, nel presente e nel futuro. Per ognuno si crea una personalit\u00e0 ben definita, utilizzando tecniche moderne in perfetto stile Kong\u201d.<\/p>\n\n\n<div class=\"wp-block-image\">\n<figure class=\"aligncenter size-large is-resized\"><img loading=\"lazy\" decoding=\"async\" sizes=\"auto, (max-width: 480px) 100vw, (max-width: 768px) 100vw, (max-width: 1024px) 90vw, (max-width: 1440px) 80vw, 700px\" src=\"https:\/\/www.campariacademy.com\/it-it\/wp-content\/uploads\/sites\/2\/2023\/09\/1080x1350_CAMPARI_CANNES_Lounge_Negroni-819x1024.jpg\" alt=\"\" class=\"wp-image-2245\" width=\"414\" height=\"518\" srcset=\"https:\/\/www.campariacademy.com\/it-it\/wp-content\/uploads\/sites\/2\/2023\/09\/1080x1350_CAMPARI_CANNES_Lounge_Negroni-819x1024.jpg 819w, https:\/\/www.campariacademy.com\/it-it\/wp-content\/uploads\/sites\/2\/2023\/09\/1080x1350_CAMPARI_CANNES_Lounge_Negroni-240x300.jpg 240w, https:\/\/www.campariacademy.com\/it-it\/wp-content\/uploads\/sites\/2\/2023\/09\/1080x1350_CAMPARI_CANNES_Lounge_Negroni-768x960.jpg 768w, https:\/\/www.campariacademy.com\/it-it\/wp-content\/uploads\/sites\/2\/2023\/09\/1080x1350_CAMPARI_CANNES_Lounge_Negroni-480x600.jpg 480w, https:\/\/www.campariacademy.com\/it-it\/wp-content\/uploads\/sites\/2\/2023\/09\/1080x1350_CAMPARI_CANNES_Lounge_Negroni.jpg 1080w\" \/><\/figure>\n<\/div>\n\n\n<p><strong>LA MISSIONE<\/strong><\/p>\n\n\n\n<p>La Negroni Week \u00e8 stata istituita nel 2013 come celebrazione di un cocktail senza tempo, e come occasione per raccogliere fondi a scopo benefico. Gli sforzi di Campari e Imbibe Magazine sono mirati a sostenere Slow Food, il movimento globale che collega attivisti e comunit\u00e0 locali in oltre 160 paesi del mondo, con l\u2019obiettivo di cambiare il mondo attraverso l\u2019enogastronomia: la visione di Slow Food contempla la possibilit\u00e0, per chiunque, di poter consumare cibo e bevande che facciano bene a se stessi, a chi produce e al pianeta. Slow Food, Imbibe, e Campari per amplificare l\u2019impatto positive dell\u2019ospitalit\u00e0, con le stesse motivazioni e la stessa passione che i bar di tutto il mondo mettono ogni giorno al bancone. Sostenibilit\u00e0, formazione, equit\u00e0, diversit\u00e0, sono tematiche che il Progetto Negroni Week mira a sostenere fortemente, coltivando la connessione della comunit\u00e0 dei bartender.<\/p>\n\n\n\n<p><strong>COME ADERIRE<\/strong><\/p>\n\n\n\n<p>Per aderire alla Negroni Week, i locali possono iscriversi volontariamente a <a href=\"https:\/\/www.negroniweek.com\/find\/\">questo link<\/a>, prima di effettuare una donazione e inserire il Negroni o una sua variante in carta. Un\u2019occasione, come spiega Carella (il cui twist \u00e8 il Santo Negroni, infuso al Palo Santo con sentori di cocco, incenso, fico), per \u201cuna celebrazione che comunichi ancora di pi\u00f9 e meglio cosa vuol dire Negroni, che va proclamato patrimonio nazionale e trattato come tale. L\u2019impegno sociale della Negroni Week, inoltre, andrebbe reso pi\u00f9 capillare, spingendo perch\u00e9 i locali cooperino nel segno della qualit\u00e0\u201d. La stessa qualit\u00e0 che Campari rappresenta da sempre, tanto da essere stato codificato come ingrediente ufficiale del Negroni dal 1961, nella lista <em>Unforgettables, <\/em>i drink indimenticabili secondo la IBA (International Bartender Association).<\/p>\n\n\n\n<p>Eccellenza, storia, impegno per la comunit\u00e0: la Negroni Week torna per l\u2019undicesimo anno, pi\u00f9 completa e inclusiva che mai. Visita <a href=\"https:\/\/www.negroniweek.com\">il sito di Negroni Week<\/a> per ulteriori informazioni.&nbsp;<\/p>\n","protected":false},"excerpt":{"rendered":"<p>Sette giorni per celebrare un cocktail iconico e senza tempo: l\u2019undicesima edizione della Negroni Week prender\u00e0 vita dal 18 al 24 settembre, quando migliaia di locali in tutto il mondo serviranno il Negroni e le sue varianti per una giusta causa. Dalla prima edizione nel 2013, la Negroni Week ha infatti raccolto oltre quattro milioni [&hellip;]<\/p>\n","protected":false},"author":130,"featured_media":2243,"comment_status":"closed","ping_status":"closed","sticky":false,"template":"","format":"standard","meta":{"_acf_changed":false,"footnotes":""},"categories":[22,26],"tags":[],"theme":[],"class_list":["post-2241","post","type-post","status-publish","format-standard","has-post-thumbnail","hentry","category-inspiration","category-news"],"acf":[],"yoast_head":"<!-- This site is optimized with the Yoast SEO plugin v26.9 - https:\/\/yoast.com\/product\/yoast-seo-wordpress\/ -->\n<title>Non c&#039;\u00e8 Negroni senza Campari: l&#039;undicesima edizione della Negroni Week - Campari Academy<\/title>\n<meta name=\"robots\" content=\"index, follow, max-snippet:-1, max-image-preview:large, max-video-preview:-1\" \/>\n<link rel=\"canonical\" href=\"https:\/\/www.campariacademy.com\/it-it\/inspiration\/news\/non-ce-negroni-senza-campari-lundicesima-edizione-della-negroni-week\/\" \/>\n<meta property=\"og:locale\" content=\"it_IT\" \/>\n<meta property=\"og:type\" content=\"article\" \/>\n<meta property=\"og:title\" content=\"Non c&#039;\u00e8 Negroni senza Campari: l&#039;undicesima edizione della Negroni Week - Campari Academy\" \/>\n<meta property=\"og:description\" content=\"Sette giorni per celebrare un cocktail iconico e senza tempo: l\u2019undicesima edizione della Negroni Week prender\u00e0 vita dal 18 al 24 settembre, quando migliaia di locali in tutto il mondo serviranno il Negroni e le sue varianti per una giusta causa. Dalla prima edizione nel 2013, la Negroni Week ha infatti raccolto oltre quattro milioni [&hellip;]\" \/>\n<meta property=\"og:url\" content=\"https:\/\/www.campariacademy.com\/it-it\/inspiration\/news\/non-ce-negroni-senza-campari-lundicesima-edizione-della-negroni-week\/\" \/>\n<meta property=\"og:site_name\" content=\"Campari Academy\" \/>\n<meta property=\"article:published_time\" content=\"2023-09-21T09:40:39+00:00\" \/>\n<meta property=\"article:modified_time\" content=\"2023-09-21T09:43:22+00:00\" \/>\n<meta property=\"og:image\" content=\"https:\/\/www.campariacademy.com\/it-it\/wp-content\/uploads\/sites\/2\/2023\/09\/CAMPARI-NEGRONI-WEEK-2023-TOOLKIT-SOCIAL-DIGITAL-MEDIA-CHAPTER-1_edited2-scaled.jpg\" \/>\n\t<meta property=\"og:image:width\" content=\"2560\" \/>\n\t<meta property=\"og:image:height\" content=\"1440\" \/>\n\t<meta property=\"og:image:type\" content=\"image\/jpeg\" \/>\n<meta name=\"author\" content=\"Alberto Scandolara\" \/>\n<meta name=\"twitter:card\" content=\"summary_large_image\" \/>\n<meta name=\"twitter:label1\" content=\"Scritto da\" \/>\n\t<meta name=\"twitter:data1\" content=\"Alberto Scandolara\" \/>\n\t<meta name=\"twitter:label2\" content=\"Tempo di lettura stimato\" \/>\n\t<meta name=\"twitter:data2\" content=\"5 minuti\" \/>\n<script type=\"application\/ld+json\" class=\"yoast-schema-graph\">{\"@context\":\"https:\/\/schema.org\",\"@graph\":[{\"@type\":\"Article\",\"@id\":\"https:\/\/www.campariacademy.com\/it-it\/inspiration\/news\/non-ce-negroni-senza-campari-lundicesima-edizione-della-negroni-week\/#article\",\"isPartOf\":{\"@id\":\"https:\/\/www.campariacademy.com\/it-it\/inspiration\/news\/non-ce-negroni-senza-campari-lundicesima-edizione-della-negroni-week\/\"},\"author\":{\"name\":\"Alberto Scandolara\",\"@id\":\"https:\/\/www.campariacademy.com\/it-it\/#\/schema\/person\/f6232de90034ce1f3cf2b9afc773ff3a\"},\"headline\":\"Non c&#8217;\u00e8 Negroni senza Campari: l&#8217;undicesima edizione della Negroni Week\",\"datePublished\":\"2023-09-21T09:40:39+00:00\",\"dateModified\":\"2023-09-21T09:43:22+00:00\",\"mainEntityOfPage\":{\"@id\":\"https:\/\/www.campariacademy.com\/it-it\/inspiration\/news\/non-ce-negroni-senza-campari-lundicesima-edizione-della-negroni-week\/\"},\"wordCount\":737,\"publisher\":{\"@id\":\"https:\/\/www.campariacademy.com\/it-it\/#organization\"},\"image\":{\"@id\":\"https:\/\/www.campariacademy.com\/it-it\/inspiration\/news\/non-ce-negroni-senza-campari-lundicesima-edizione-della-negroni-week\/#primaryimage\"},\"thumbnailUrl\":\"https:\/\/www.campariacademy.com\/it-it\/wp-content\/uploads\/sites\/2\/2023\/09\/CAMPARI-NEGRONI-WEEK-2023-TOOLKIT-SOCIAL-DIGITAL-MEDIA-CHAPTER-1_edited2-scaled.jpg\",\"articleSection\":[\"Inspiration\",\"News\"],\"inLanguage\":\"it-IT\"},{\"@type\":\"WebPage\",\"@id\":\"https:\/\/www.campariacademy.com\/it-it\/inspiration\/news\/non-ce-negroni-senza-campari-lundicesima-edizione-della-negroni-week\/\",\"url\":\"https:\/\/www.campariacademy.com\/it-it\/inspiration\/news\/non-ce-negroni-senza-campari-lundicesima-edizione-della-negroni-week\/\",\"name\":\"Non c'\u00e8 Negroni senza Campari: l'undicesima edizione della Negroni Week - Campari Academy\",\"isPartOf\":{\"@id\":\"https:\/\/www.campariacademy.com\/it-it\/#website\"},\"primaryImageOfPage\":{\"@id\":\"https:\/\/www.campariacademy.com\/it-it\/inspiration\/news\/non-ce-negroni-senza-campari-lundicesima-edizione-della-negroni-week\/#primaryimage\"},\"image\":{\"@id\":\"https:\/\/www.campariacademy.com\/it-it\/inspiration\/news\/non-ce-negroni-senza-campari-lundicesima-edizione-della-negroni-week\/#primaryimage\"},\"thumbnailUrl\":\"https:\/\/www.campariacademy.com\/it-it\/wp-content\/uploads\/sites\/2\/2023\/09\/CAMPARI-NEGRONI-WEEK-2023-TOOLKIT-SOCIAL-DIGITAL-MEDIA-CHAPTER-1_edited2-scaled.jpg\",\"datePublished\":\"2023-09-21T09:40:39+00:00\",\"dateModified\":\"2023-09-21T09:43:22+00:00\",\"inLanguage\":\"it-IT\",\"potentialAction\":[{\"@type\":\"ReadAction\",\"target\":[\"https:\/\/www.campariacademy.com\/it-it\/inspiration\/news\/non-ce-negroni-senza-campari-lundicesima-edizione-della-negroni-week\/\"]}]},{\"@type\":\"ImageObject\",\"inLanguage\":\"it-IT\",\"@id\":\"https:\/\/www.campariacademy.com\/it-it\/inspiration\/news\/non-ce-negroni-senza-campari-lundicesima-edizione-della-negroni-week\/#primaryimage\",\"url\":\"https:\/\/www.campariacademy.com\/it-it\/wp-content\/uploads\/sites\/2\/2023\/09\/CAMPARI-NEGRONI-WEEK-2023-TOOLKIT-SOCIAL-DIGITAL-MEDIA-CHAPTER-1_edited2-scaled.jpg\",\"contentUrl\":\"https:\/\/www.campariacademy.com\/it-it\/wp-content\/uploads\/sites\/2\/2023\/09\/CAMPARI-NEGRONI-WEEK-2023-TOOLKIT-SOCIAL-DIGITAL-MEDIA-CHAPTER-1_edited2-scaled.jpg\",\"width\":2560,\"height\":1440},{\"@type\":\"WebSite\",\"@id\":\"https:\/\/www.campariacademy.com\/it-it\/#website\",\"url\":\"https:\/\/www.campariacademy.com\/it-it\/\",\"name\":\"Campari Academy\",\"description\":\"\",\"publisher\":{\"@id\":\"https:\/\/www.campariacademy.com\/it-it\/#organization\"},\"potentialAction\":[{\"@type\":\"SearchAction\",\"target\":{\"@type\":\"EntryPoint\",\"urlTemplate\":\"https:\/\/www.campariacademy.com\/it-it\/?s={search_term_string}\"},\"query-input\":{\"@type\":\"PropertyValueSpecification\",\"valueRequired\":true,\"valueName\":\"search_term_string\"}}],\"inLanguage\":\"it-IT\"},{\"@type\":\"Organization\",\"@id\":\"https:\/\/www.campariacademy.com\/it-it\/#organization\",\"name\":\"Campari Academy\",\"url\":\"https:\/\/www.campariacademy.com\/it-it\/\",\"logo\":{\"@type\":\"ImageObject\",\"inLanguage\":\"it-IT\",\"@id\":\"https:\/\/www.campariacademy.com\/it-it\/#\/schema\/logo\/image\/\",\"url\":\"https:\/\/www.campariacademy.com\/it-it\/wp-content\/uploads\/sites\/2\/2022\/07\/campariacademy-logo.jpeg\",\"contentUrl\":\"https:\/\/www.campariacademy.com\/it-it\/wp-content\/uploads\/sites\/2\/2022\/07\/campariacademy-logo.jpeg\",\"width\":500,\"height\":185,\"caption\":\"Campari Academy\"},\"image\":{\"@id\":\"https:\/\/www.campariacademy.com\/it-it\/#\/schema\/logo\/image\/\"}},{\"@type\":\"Person\",\"@id\":\"https:\/\/www.campariacademy.com\/it-it\/#\/schema\/person\/f6232de90034ce1f3cf2b9afc773ff3a\",\"name\":\"Alberto Scandolara\",\"image\":{\"@type\":\"ImageObject\",\"inLanguage\":\"it-IT\",\"@id\":\"https:\/\/www.campariacademy.com\/it-it\/#\/schema\/person\/image\/\",\"url\":\"https:\/\/secure.gravatar.com\/avatar\/86d1d248c4bb47dee2562358ef79b5f1c1b42bf7feadff790327c1cfeb5e82c2?s=96&d=mm&r=g\",\"contentUrl\":\"https:\/\/secure.gravatar.com\/avatar\/86d1d248c4bb47dee2562358ef79b5f1c1b42bf7feadff790327c1cfeb5e82c2?s=96&d=mm&r=g\",\"caption\":\"Alberto Scandolara\"}}]}<\/script>\n<!-- \/ Yoast SEO plugin. -->","yoast_head_json":{"title":"Non c'\u00e8 Negroni senza Campari: l'undicesima edizione della Negroni Week - Campari Academy","robots":{"index":"index","follow":"follow","max-snippet":"max-snippet:-1","max-image-preview":"max-image-preview:large","max-video-preview":"max-video-preview:-1"},"canonical":"https:\/\/www.campariacademy.com\/it-it\/inspiration\/news\/non-ce-negroni-senza-campari-lundicesima-edizione-della-negroni-week\/","og_locale":"it_IT","og_type":"article","og_title":"Non c'\u00e8 Negroni senza Campari: l'undicesima edizione della Negroni Week - Campari Academy","og_description":"Sette giorni per celebrare un cocktail iconico e senza tempo: l\u2019undicesima edizione della Negroni Week prender\u00e0 vita dal 18 al 24 settembre, quando migliaia di locali in tutto il mondo serviranno il Negroni e le sue varianti per una giusta causa. Dalla prima edizione nel 2013, la Negroni Week ha infatti raccolto oltre quattro milioni [&hellip;]","og_url":"https:\/\/www.campariacademy.com\/it-it\/inspiration\/news\/non-ce-negroni-senza-campari-lundicesima-edizione-della-negroni-week\/","og_site_name":"Campari Academy","article_published_time":"2023-09-21T09:40:39+00:00","article_modified_time":"2023-09-21T09:43:22+00:00","og_image":[{"width":2560,"height":1440,"url":"https:\/\/www.campariacademy.com\/it-it\/wp-content\/uploads\/sites\/2\/2023\/09\/CAMPARI-NEGRONI-WEEK-2023-TOOLKIT-SOCIAL-DIGITAL-MEDIA-CHAPTER-1_edited2-scaled.jpg","type":"image\/jpeg"}],"author":"Alberto Scandolara","twitter_card":"summary_large_image","twitter_misc":{"Scritto da":"Alberto Scandolara","Tempo di lettura stimato":"5 minuti"},"schema":{"@context":"https:\/\/schema.org","@graph":[{"@type":"Article","@id":"https:\/\/www.campariacademy.com\/it-it\/inspiration\/news\/non-ce-negroni-senza-campari-lundicesima-edizione-della-negroni-week\/#article","isPartOf":{"@id":"https:\/\/www.campariacademy.com\/it-it\/inspiration\/news\/non-ce-negroni-senza-campari-lundicesima-edizione-della-negroni-week\/"},"author":{"name":"Alberto Scandolara","@id":"https:\/\/www.campariacademy.com\/it-it\/#\/schema\/person\/f6232de90034ce1f3cf2b9afc773ff3a"},"headline":"Non c&#8217;\u00e8 Negroni senza Campari: l&#8217;undicesima edizione della Negroni Week","datePublished":"2023-09-21T09:40:39+00:00","dateModified":"2023-09-21T09:43:22+00:00","mainEntityOfPage":{"@id":"https:\/\/www.campariacademy.com\/it-it\/inspiration\/news\/non-ce-negroni-senza-campari-lundicesima-edizione-della-negroni-week\/"},"wordCount":737,"publisher":{"@id":"https:\/\/www.campariacademy.com\/it-it\/#organization"},"image":{"@id":"https:\/\/www.campariacademy.com\/it-it\/inspiration\/news\/non-ce-negroni-senza-campari-lundicesima-edizione-della-negroni-week\/#primaryimage"},"thumbnailUrl":"https:\/\/www.campariacademy.com\/it-it\/wp-content\/uploads\/sites\/2\/2023\/09\/CAMPARI-NEGRONI-WEEK-2023-TOOLKIT-SOCIAL-DIGITAL-MEDIA-CHAPTER-1_edited2-scaled.jpg","articleSection":["Inspiration","News"],"inLanguage":"it-IT"},{"@type":"WebPage","@id":"https:\/\/www.campariacademy.com\/it-it\/inspiration\/news\/non-ce-negroni-senza-campari-lundicesima-edizione-della-negroni-week\/","url":"https:\/\/www.campariacademy.com\/it-it\/inspiration\/news\/non-ce-negroni-senza-campari-lundicesima-edizione-della-negroni-week\/","name":"Non c'\u00e8 Negroni senza Campari: l'undicesima edizione della Negroni Week - Campari Academy","isPartOf":{"@id":"https:\/\/www.campariacademy.com\/it-it\/#website"},"primaryImageOfPage":{"@id":"https:\/\/www.campariacademy.com\/it-it\/inspiration\/news\/non-ce-negroni-senza-campari-lundicesima-edizione-della-negroni-week\/#primaryimage"},"image":{"@id":"https:\/\/www.campariacademy.com\/it-it\/inspiration\/news\/non-ce-negroni-senza-campari-lundicesima-edizione-della-negroni-week\/#primaryimage"},"thumbnailUrl":"https:\/\/www.campariacademy.com\/it-it\/wp-content\/uploads\/sites\/2\/2023\/09\/CAMPARI-NEGRONI-WEEK-2023-TOOLKIT-SOCIAL-DIGITAL-MEDIA-CHAPTER-1_edited2-scaled.jpg","datePublished":"2023-09-21T09:40:39+00:00","dateModified":"2023-09-21T09:43:22+00:00","inLanguage":"it-IT","potentialAction":[{"@type":"ReadAction","target":["https:\/\/www.campariacademy.com\/it-it\/inspiration\/news\/non-ce-negroni-senza-campari-lundicesima-edizione-della-negroni-week\/"]}]},{"@type":"ImageObject","inLanguage":"it-IT","@id":"https:\/\/www.campariacademy.com\/it-it\/inspiration\/news\/non-ce-negroni-senza-campari-lundicesima-edizione-della-negroni-week\/#primaryimage","url":"https:\/\/www.campariacademy.com\/it-it\/wp-content\/uploads\/sites\/2\/2023\/09\/CAMPARI-NEGRONI-WEEK-2023-TOOLKIT-SOCIAL-DIGITAL-MEDIA-CHAPTER-1_edited2-scaled.jpg","contentUrl":"https:\/\/www.campariacademy.com\/it-it\/wp-content\/uploads\/sites\/2\/2023\/09\/CAMPARI-NEGRONI-WEEK-2023-TOOLKIT-SOCIAL-DIGITAL-MEDIA-CHAPTER-1_edited2-scaled.jpg","width":2560,"height":1440},{"@type":"WebSite","@id":"https:\/\/www.campariacademy.com\/it-it\/#website","url":"https:\/\/www.campariacademy.com\/it-it\/","name":"Campari Academy","description":"","publisher":{"@id":"https:\/\/www.campariacademy.com\/it-it\/#organization"},"potentialAction":[{"@type":"SearchAction","target":{"@type":"EntryPoint","urlTemplate":"https:\/\/www.campariacademy.com\/it-it\/?s={search_term_string}"},"query-input":{"@type":"PropertyValueSpecification","valueRequired":true,"valueName":"search_term_string"}}],"inLanguage":"it-IT"},{"@type":"Organization","@id":"https:\/\/www.campariacademy.com\/it-it\/#organization","name":"Campari Academy","url":"https:\/\/www.campariacademy.com\/it-it\/","logo":{"@type":"ImageObject","inLanguage":"it-IT","@id":"https:\/\/www.campariacademy.com\/it-it\/#\/schema\/logo\/image\/","url":"https:\/\/www.campariacademy.com\/it-it\/wp-content\/uploads\/sites\/2\/2022\/07\/campariacademy-logo.jpeg","contentUrl":"https:\/\/www.campariacademy.com\/it-it\/wp-content\/uploads\/sites\/2\/2022\/07\/campariacademy-logo.jpeg","width":500,"height":185,"caption":"Campari Academy"},"image":{"@id":"https:\/\/www.campariacademy.com\/it-it\/#\/schema\/logo\/image\/"}},{"@type":"Person","@id":"https:\/\/www.campariacademy.com\/it-it\/#\/schema\/person\/f6232de90034ce1f3cf2b9afc773ff3a","name":"Alberto Scandolara","image":{"@type":"ImageObject","inLanguage":"it-IT","@id":"https:\/\/www.campariacademy.com\/it-it\/#\/schema\/person\/image\/","url":"https:\/\/secure.gravatar.com\/avatar\/86d1d248c4bb47dee2562358ef79b5f1c1b42bf7feadff790327c1cfeb5e82c2?s=96&d=mm&r=g","contentUrl":"https:\/\/secure.gravatar.com\/avatar\/86d1d248c4bb47dee2562358ef79b5f1c1b42bf7feadff790327c1cfeb5e82c2?s=96&d=mm&r=g","caption":"Alberto Scandolara"}}]}},"_links":{"self":[{"href":"https:\/\/www.campariacademy.com\/it-it\/wp-json\/wp\/v2\/posts\/2241","targetHints":{"allow":["GET"]}}],"collection":[{"href":"https:\/\/www.campariacademy.com\/it-it\/wp-json\/wp\/v2\/posts"}],"about":[{"href":"https:\/\/www.campariacademy.com\/it-it\/wp-json\/wp\/v2\/types\/post"}],"author":[{"embeddable":true,"href":"https:\/\/www.campariacademy.com\/it-it\/wp-json\/wp\/v2\/users\/130"}],"replies":[{"embeddable":true,"href":"https:\/\/www.campariacademy.com\/it-it\/wp-json\/wp\/v2\/comments?post=2241"}],"version-history":[{"count":2,"href":"https:\/\/www.campariacademy.com\/it-it\/wp-json\/wp\/v2\/posts\/2241\/revisions"}],"predecessor-version":[{"id":2246,"href":"https:\/\/www.campariacademy.com\/it-it\/wp-json\/wp\/v2\/posts\/2241\/revisions\/2246"}],"wp:featuredmedia":[{"embeddable":true,"href":"https:\/\/www.campariacademy.com\/it-it\/wp-json\/wp\/v2\/media\/2243"}],"wp:attachment":[{"href":"https:\/\/www.campariacademy.com\/it-it\/wp-json\/wp\/v2\/media?parent=2241"}],"wp:term":[{"taxonomy":"category","embeddable":true,"href":"https:\/\/www.campariacademy.com\/it-it\/wp-json\/wp\/v2\/categories?post=2241"},{"taxonomy":"post_tag","embeddable":true,"href":"https:\/\/www.campariacademy.com\/it-it\/wp-json\/wp\/v2\/tags?post=2241"},{"taxonomy":"theme","embeddable":true,"href":"https:\/\/www.campariacademy.com\/it-it\/wp-json\/wp\/v2\/theme?post=2241"}],"curies":[{"name":"wp","href":"https:\/\/api.w.org\/{rel}","templated":true}]}}